{"id":17064,"date":"2023-09-13T15:45:07","date_gmt":"2023-09-13T18:45:07","guid":{"rendered":"http:\/\/dgospel.com.br\/portal\/?p=17064"},"modified":"2023-09-13T15:45:09","modified_gmt":"2023-09-13T18:45:09","slug":"lula-pode-indicar-evangelico-progressista-para-o-stf","status":"publish","type":"post","link":"https:\/\/dgospel.com.br\/portal\/index.php\/2023\/09\/13\/lula-pode-indicar-evangelico-progressista-para-o-stf\/","title":{"rendered":"Lula pode indicar evang\u00e9lico progressista para o STF"},"content":{"rendered":"\n<p>O presidente Luiz In\u00e1cio Lula da Silva (PT) deve indicar um segundo nome para o Supremo Tribunal Federal (STF). Dessa vez, ele ir\u00e1 escolher um substituto para a ministra Rosa Weber, atual presidente da Suprema Corte, que se aposentar\u00e1 em outubro deste ano.<\/p>\n\n\n\n<p>Entre os v\u00e1rios nomes poss\u00edveis est\u00e1 o de Jorge Messias, atual advogado-geral da Uni\u00e3o, que \u00e9 evang\u00e9lico e progressista. Por conta de sua religi\u00e3o, Messias foi enviado para a Marcha para Jesus de S\u00e3o Paulo para representar o presidente Lula.<\/p>\n\n\n\n<p>Messias tamb\u00e9m tem se aproximado de lideran\u00e7as evang\u00e9licas no Congresso, inclusive, fez quest\u00e3o de participar do primeiro culto da Frente Parlamentar Evang\u00e9lica deste segundo semestre, quando o deputado federal Silas C\u00e2mara (Republicanos-AM) tomou posse como presidente da bancada.<\/p>\n\n\n\n<p><strong>MAGNO MALTA CRITICA POSS\u00cdVEL ESCOLHA<br><\/strong>Nesta segunda (11), o senador Magno Malta (PL-ES) fez quest\u00e3o de criticar Messias porque ele amea\u00e7ou processar o jornalista Alexandre Garcia. O apresentador do canal do YouTube da Revista Oeste ligou as enchentes no Rio Grande do Sul com o governo do Partido dos Trabalhadores e a AGU prometeu tomar provid\u00eancias contra ele.<\/p>\n\n\n\n<p>Para o senador a indica\u00e7\u00e3o de Messias para o STF, \u201crepresentaria valores contr\u00e1rios aos da fam\u00edlia e dos princ\u00edpios crist\u00e3os\u201d.<\/p>\n\n\n\n<p>\u2013 Dizem que esse rapaz \u00e9 candidato ao Supremo. Ah! \u00c9 ele que abre um procedimento contra Alexandre Garcia! Quem \u00e9 o senhor na fila do p\u00e3o? Ele foi representar o Lula na Marcha para Jesus. Est\u00e1 aqui no meu celular, o Lula dizendo que n\u00f3s ainda temos que enfrentar essa pauta contra a fam\u00edlia, de fam\u00edlia tradicional que n\u00e3o quer o aborto, e bate no peito em seguida dizendo: \u201cN\u00f3s temos orgulho de sermos comunistas\u201d, [enquanto] n\u00f3s temos orgulho de sermos crist\u00e3os \u2013 falou Magno Malta.<\/p>\n","protected":false},"excerpt":{"rendered":"<p>O presidente Luiz In\u00e1cio Lula da Silva (PT) deve indicar um segundo nome para o Supremo Tribunal Federal (STF). Dessa vez, ele ir\u00e1 escolher um substituto para a ministra Rosa Weber, atual presidente da Suprema Corte, que se aposentar\u00e1 em outubro deste ano. Entre os v\u00e1rios nomes poss\u00edveis est\u00e1 o de Jorge Messias, atual advogado-geral [&hellip;]<\/p>\n","protected":false},"author":2,"featured_media":17065,"comment_status":"open","ping_status":"open","sticky":false,"template":"","format":"standard","meta":[],"categories":[4],"tags":[],"_links":{"self":[{"href":"https:\/\/dgospel.com.br\/portal\/index.php\/wp-json\/wp\/v2\/posts\/17064"}],"collection":[{"href":"https:\/\/dgospel.com.br\/portal\/index.php\/wp-json\/wp\/v2\/posts"}],"about":[{"href":"https:\/\/dgospel.com.br\/portal\/index.php\/wp-json\/wp\/v2\/types\/post"}],"author":[{"embeddable":true,"href":"https:\/\/dgospel.com.br\/portal\/index.php\/wp-json\/wp\/v2\/users\/2"}],"replies":[{"embeddable":true,"href":"https:\/\/dgospel.com.br\/portal\/index.php\/wp-json\/wp\/v2\/comments?post=17064"}],"version-history":[{"count":1,"href":"https:\/\/dgospel.com.br\/portal\/index.php\/wp-json\/wp\/v2\/posts\/17064\/revisions"}],"predecessor-version":[{"id":17066,"href":"https:\/\/dgospel.com.br\/portal\/index.php\/wp-json\/wp\/v2\/posts\/17064\/revisions\/17066"}],"wp:featuredmedia":[{"embeddable":true,"href":"https:\/\/dgospel.com.br\/portal\/index.php\/wp-json\/wp\/v2\/media\/17065"}],"wp:attachment":[{"href":"https:\/\/dgospel.com.br\/portal\/index.php\/wp-json\/wp\/v2\/media?parent=17064"}],"wp:term":[{"taxonomy":"category","embeddable":true,"href":"https:\/\/dgospel.com.br\/portal\/index.php\/wp-json\/wp\/v2\/categories?post=17064"},{"taxonomy":"post_tag","embeddable":true,"href":"https:\/\/dgospel.com.br\/portal\/index.php\/wp-json\/wp\/v2\/tags?post=17064"}],"curies":[{"name":"wp","href":"https:\/\/api.w.org\/{rel}","templated":true}]}}