{"id":17067,"date":"2023-09-13T15:52:58","date_gmt":"2023-09-13T18:52:58","guid":{"rendered":"http:\/\/dgospel.com.br\/portal\/?p=17067"},"modified":"2023-09-13T15:52:59","modified_gmt":"2023-09-13T18:52:59","slug":"mais-um-lula-cria-o-ministerio-de-no-38-e-abrigara-marcio-franca","status":"publish","type":"post","link":"https:\/\/dgospel.com.br\/portal\/index.php\/2023\/09\/13\/mais-um-lula-cria-o-ministerio-de-no-38-e-abrigara-marcio-franca\/","title":{"rendered":"Mais um: Lula cria o minist\u00e9rio de n\u00ba 38 e abrigar\u00e1 M\u00e1rcio Fran\u00e7a"},"content":{"rendered":"\n<p>O presidente Luiz In\u00e1cio Lula da Silva (PT) criou, nesta quarta-feira (13), o Minist\u00e9rio do Empreendedorismo, da Microempresa e da Empresa de Pequeno Porte, que ser\u00e1 entregue a M\u00e1rcio Fran\u00e7a. Ser\u00e1 o 38\u00ba minist\u00e9rio do governo.<\/p>\n\n\n\n<p>A medida provis\u00f3ria que cria a pasta foi publicada na manh\u00e3 desta quarta, em edi\u00e7\u00e3o extra do Di\u00e1rio Oficial da Uni\u00e3o (DOU.<\/p>\n\n\n\n<p>De acordo com a medida, o novo minist\u00e9rio ter\u00e1 como atribui\u00e7\u00f5es formular pol\u00edticas p\u00fablicas e apoiar o empreendedorismo, as empresas de micro e pequeno porte, a formaliza\u00e7\u00e3o das pequenas organiza\u00e7\u00f5es, as atividades de artesanato e de microempreendimentos.<\/p>\n\n\n\n<p>Tamb\u00e9m competir\u00e1 \u00e0 nova estrutura o incentivo aos arranjos produtivos locais, a promo\u00e7\u00e3o da competitividade e inova\u00e7\u00e3o de micro e pequenas empresas, formular pol\u00edticas de microcr\u00e9dito e favorecer a exporta\u00e7\u00e3o de itens produzidos por esse tipo de firma, entre outros pontos.<\/p>\n\n\n\n<p>O novo minist\u00e9rio \u00e9 um desmembramento da pasta de Ind\u00fastria e Com\u00e9rcio, comandada pelo vice-presidente Geraldo Alckmin. Assim como Fran\u00e7a, Alckmin tamb\u00e9m \u00e9 filiado ao PSB. Eles s\u00e3o aliados pol\u00edticos de longa data em S\u00e3o Paulo.<\/p>\n\n\n\n<p>A cria\u00e7\u00e3o do minist\u00e9rio era a parte que faltava da reforma ministerial que foi negociada nos \u00faltimos meses com o Centr\u00e3o. Em 6 de setembro, o Planalto havia anunciado os nomes dos novos integrantes do governo e que M\u00e1rcio Fran\u00e7a seria deslocado para a nova estrutura.<\/p>\n\n\n\n<p>*AE<\/p>\n","protected":false},"excerpt":{"rendered":"<p>O presidente Luiz In\u00e1cio Lula da Silva (PT) criou, nesta quarta-feira (13), o Minist\u00e9rio do Empreendedorismo, da Microempresa e da Empresa de Pequeno Porte, que ser\u00e1 entregue a M\u00e1rcio Fran\u00e7a. Ser\u00e1 o 38\u00ba minist\u00e9rio do governo. A medida provis\u00f3ria que cria a pasta foi publicada na manh\u00e3 desta quarta, em edi\u00e7\u00e3o extra do Di\u00e1rio Oficial [&hellip;]<\/p>\n","protected":false},"author":2,"featured_media":17068,"comment_status":"open","ping_status":"open","sticky":false,"template":"","format":"standard","meta":[],"categories":[4],"tags":[],"_links":{"self":[{"href":"https:\/\/dgospel.com.br\/portal\/index.php\/wp-json\/wp\/v2\/posts\/17067"}],"collection":[{"href":"https:\/\/dgospel.com.br\/portal\/index.php\/wp-json\/wp\/v2\/posts"}],"about":[{"href":"https:\/\/dgospel.com.br\/portal\/index.php\/wp-json\/wp\/v2\/types\/post"}],"author":[{"embeddable":true,"href":"https:\/\/dgospel.com.br\/portal\/index.php\/wp-json\/wp\/v2\/users\/2"}],"replies":[{"embeddable":true,"href":"https:\/\/dgospel.com.br\/portal\/index.php\/wp-json\/wp\/v2\/comments?post=17067"}],"version-history":[{"count":1,"href":"https:\/\/dgospel.com.br\/portal\/index.php\/wp-json\/wp\/v2\/posts\/17067\/revisions"}],"predecessor-version":[{"id":17069,"href":"https:\/\/dgospel.com.br\/portal\/index.php\/wp-json\/wp\/v2\/posts\/17067\/revisions\/17069"}],"wp:featuredmedia":[{"embeddable":true,"href":"https:\/\/dgospel.com.br\/portal\/index.php\/wp-json\/wp\/v2\/media\/17068"}],"wp:attachment":[{"href":"https:\/\/dgospel.com.br\/portal\/index.php\/wp-json\/wp\/v2\/media?parent=17067"}],"wp:term":[{"taxonomy":"category","embeddable":true,"href":"https:\/\/dgospel.com.br\/portal\/index.php\/wp-json\/wp\/v2\/categories?post=17067"},{"taxonomy":"post_tag","embeddable":true,"href":"https:\/\/dgospel.com.br\/portal\/index.php\/wp-json\/wp\/v2\/tags?post=17067"}],"curies":[{"name":"wp","href":"https:\/\/api.w.org\/{rel}","templated":true}]}}