{"id":1707,"date":"2018-10-29T11:50:56","date_gmt":"2018-10-29T13:50:56","guid":{"rendered":"http:\/\/dgospel.com.br\/portal\/?p=1707"},"modified":"2018-10-29T11:50:56","modified_gmt":"2018-10-29T13:50:56","slug":"sergio-moro-podera-ocupar-o-ministerio-da-justica","status":"publish","type":"post","link":"https:\/\/dgospel.com.br\/portal\/index.php\/2018\/10\/29\/sergio-moro-podera-ocupar-o-ministerio-da-justica\/","title":{"rendered":"Sergio Moro poder\u00e1 ocupar o Minist\u00e9rio da Justi\u00e7a"},"content":{"rendered":"<p>O presidente interino do PSL, Gustavo Bebianno, afirmou que o governo de Jair Bolsonaro (PSL) poder\u00e1 convidar o juiz Sergio Moro, atualmente na Justi\u00e7a Federal em Curitiba, ou Eliana Calmon, ex-ministra do STJ (Superior Tribunal de Justi\u00e7a), para ocupar o Minist\u00e9rio da Justi\u00e7a.<\/p>\n<p>Bebianno buscou afastar a possibilidade de ser ele pr\u00f3prio o indicado para a pasta, j\u00e1 que \u00e9 advogado de forma\u00e7\u00e3o. Haveria reservas \u00e0 possibilidade em algumas alas entre aliados do capit\u00e3o reformado, que defendem um nome com experi\u00eancia para o cargo. Segundo ele, o quadro de ministros de Bolsonaro ser\u00e1 composto por nomes t\u00e9cnicos.<\/p>\n<p>&#8220;A previs\u00e3o \u00e9 que o minist\u00e9rio seja preenchido por uma pessoa de nome, como a [ex] ministra Eliana Calmon. O nome do juiz Sergio Moro tamb\u00e9m se cogita [para o cargo]&#8221;, disse Bebianno.<\/p>\n<p>Questionado se a ideia n\u00e3o seria indicar Moro para uma vaga no STF (Supremo Tribunal Federal), conforme j\u00e1 havia circulado na campanha, Bebianno disse que as duas possibilidades estariam na mesa. A primeira alternativa levantada seria a indica\u00e7\u00e3o de Moro ao Supremo, mas uma vaga no Minist\u00e9rio da Justi\u00e7a n\u00e3o estaria descartada.<\/p>\n<p>&#8220;[Moro] \u00e9 um grande nome, seja onde for, na Justi\u00e7a ou no STF&#8221;, disse.<\/p>\n<p>&nbsp;<\/p>\n<p>Fonte: yahoo<\/p>\n","protected":false},"excerpt":{"rendered":"<p>O presidente interino do PSL, Gustavo Bebianno, afirmou que o governo de Jair Bolsonaro (PSL) poder\u00e1 convidar o juiz Sergio Moro, atualmente na Justi\u00e7a Federal em Curitiba, ou Eliana Calmon, ex-ministra do STJ (Superior Tribunal de Justi\u00e7a), para ocupar o Minist\u00e9rio da Justi\u00e7a. Bebianno buscou afastar a possibilidade de ser ele pr\u00f3prio o indicado para [&hellip;]<\/p>\n","protected":false},"author":2,"featured_media":1709,"comment_status":"open","ping_status":"open","sticky":false,"template":"","format":"standard","meta":[],"categories":[2,6],"tags":[],"_links":{"self":[{"href":"https:\/\/dgospel.com.br\/portal\/index.php\/wp-json\/wp\/v2\/posts\/1707"}],"collection":[{"href":"https:\/\/dgospel.com.br\/portal\/index.php\/wp-json\/wp\/v2\/posts"}],"about":[{"href":"https:\/\/dgospel.com.br\/portal\/index.php\/wp-json\/wp\/v2\/types\/post"}],"author":[{"embeddable":true,"href":"https:\/\/dgospel.com.br\/portal\/index.php\/wp-json\/wp\/v2\/users\/2"}],"replies":[{"embeddable":true,"href":"https:\/\/dgospel.com.br\/portal\/index.php\/wp-json\/wp\/v2\/comments?post=1707"}],"version-history":[{"count":1,"href":"https:\/\/dgospel.com.br\/portal\/index.php\/wp-json\/wp\/v2\/posts\/1707\/revisions"}],"predecessor-version":[{"id":1710,"href":"https:\/\/dgospel.com.br\/portal\/index.php\/wp-json\/wp\/v2\/posts\/1707\/revisions\/1710"}],"wp:featuredmedia":[{"embeddable":true,"href":"https:\/\/dgospel.com.br\/portal\/index.php\/wp-json\/wp\/v2\/media\/1709"}],"wp:attachment":[{"href":"https:\/\/dgospel.com.br\/portal\/index.php\/wp-json\/wp\/v2\/media?parent=1707"}],"wp:term":[{"taxonomy":"category","embeddable":true,"href":"https:\/\/dgospel.com.br\/portal\/index.php\/wp-json\/wp\/v2\/categories?post=1707"},{"taxonomy":"post_tag","embeddable":true,"href":"https:\/\/dgospel.com.br\/portal\/index.php\/wp-json\/wp\/v2\/tags?post=1707"}],"curies":[{"name":"wp","href":"https:\/\/api.w.org\/{rel}","templated":true}]}}