{"id":17070,"date":"2023-09-13T15:58:44","date_gmt":"2023-09-13T18:58:44","guid":{"rendered":"http:\/\/dgospel.com.br\/portal\/?p=17070"},"modified":"2023-09-13T15:58:45","modified_gmt":"2023-09-13T18:58:45","slug":"bibo-nunes-convoca-flavio-dino-para-prestar-esclarecimentos-na-comissao-de-comunicacao-da-camara-dos-deputados","status":"publish","type":"post","link":"https:\/\/dgospel.com.br\/portal\/index.php\/2023\/09\/13\/bibo-nunes-convoca-flavio-dino-para-prestar-esclarecimentos-na-comissao-de-comunicacao-da-camara-dos-deputados\/","title":{"rendered":"Bibo Nunes convoca Fl\u00e1vio Dino para prestar esclarecimentos na Comiss\u00e3o de Comunica\u00e7\u00e3o da C\u00e2mara dos Deputados"},"content":{"rendered":"\n<p>Nesta ter\u00e7a-feira (12), o deputado Bibo Nunes apresentou uma solicita\u00e7\u00e3o da convoca\u00e7\u00e3o do ministro Flavio Dino para prestar esclarecimentos cruciais acerca das recentes opera\u00e7\u00f5es de seu minist\u00e9rio e a respectiva participa\u00e7\u00e3o na Comiss\u00e3o Parlamentar Mista de Inqu\u00e9rito (CPMI) do dia 8 de janeiro.<a rel=\"noreferrer noopener\" href=\"https:\/\/www.assembleia.pr.leg.br\/assembleia-itinerante\/sugestao-de-melhorias-para-sua-cidade\" target=\"_blank\"><\/a><\/p>\n\n\n\n<p>Um dos argumentos do deputado \u00e9 a libera\u00e7\u00e3o de apenas um pequeno fragmento do material filmado pelas c\u00e2meras do minist\u00e9rio \u2013 mais precisamente, imagens oriundas de somente 4 das 185 c\u00e2meras dispon\u00edveis. Essa limita\u00e7\u00e3o na disponibiliza\u00e7\u00e3o das imagens, parte integrante da investiga\u00e7\u00e3o da CPMI acerca dos atos de 8 de janeiro, acendeu um alerta vermelho quanto \u00e0 necessidade de uma explana\u00e7\u00e3o mais robusta sobre a escassa quantidade de registros compartilhados com as autoridades investigativas.<\/p>\n\n\n\n<p>Outro ponto foi a justificativa apresentada pelo ministro para a elimina\u00e7\u00e3o do restante das grava\u00e7\u00f5es internas do minist\u00e9rio, uma a\u00e7\u00e3o apontada como procedimento regular para liberar espa\u00e7o para novos registros. Para Bibo Nunes, tal explica\u00e7\u00e3o n\u00e3o s\u00f3 se mostra insatisfat\u00f3ria, como tamb\u00e9m lan\u00e7a uma s\u00e9rie de interroga\u00e7\u00f5es sobre a administra\u00e7\u00e3o de evid\u00eancias ligadas a um tema de relev\u00e2ncia nacional. O deputado n\u00e3o poupou cr\u00edticas, categorizando a postura do ministro como \u201cbeirando uma brincadeira de colegial\u201d e de \u201cmau gosto\u201d.<\/p>\n\n\n\n<p>A convoca\u00e7\u00e3o do ministro Flavio Dino visa assegurar um procedimento investigativo transparente e alinhado com as expectativas do Judici\u00e1rio e do Parlamento.<\/p>\n\n\n\n<p>Leia o requerimento na \u00edntegra:&nbsp;<a href=\"https:\/\/horabrasilia.com.br\/wp-content\/uploads\/2023\/09\/req-23-ccom-ministro-flavio-dino-imagens-2-versao.pdf\">REQ 23 CCOM \u2013 Ministro Flavio Dino \u2013 IMAGENS \u2013 2 VERS\u00c3O<\/a><\/p>\n","protected":false},"excerpt":{"rendered":"<p>Nesta ter\u00e7a-feira (12), o deputado Bibo Nunes apresentou uma solicita\u00e7\u00e3o da convoca\u00e7\u00e3o do ministro Flavio Dino para prestar esclarecimentos cruciais acerca das recentes opera\u00e7\u00f5es de seu minist\u00e9rio e a respectiva participa\u00e7\u00e3o na Comiss\u00e3o Parlamentar Mista de Inqu\u00e9rito (CPMI) do dia 8 de janeiro. Um dos argumentos do deputado \u00e9 a libera\u00e7\u00e3o de apenas um pequeno [&hellip;]<\/p>\n","protected":false},"author":2,"featured_media":17071,"comment_status":"open","ping_status":"open","sticky":false,"template":"","format":"standard","meta":[],"categories":[8],"tags":[13],"_links":{"self":[{"href":"https:\/\/dgospel.com.br\/portal\/index.php\/wp-json\/wp\/v2\/posts\/17070"}],"collection":[{"href":"https:\/\/dgospel.com.br\/portal\/index.php\/wp-json\/wp\/v2\/posts"}],"about":[{"href":"https:\/\/dgospel.com.br\/portal\/index.php\/wp-json\/wp\/v2\/types\/post"}],"author":[{"embeddable":true,"href":"https:\/\/dgospel.com.br\/portal\/index.php\/wp-json\/wp\/v2\/users\/2"}],"replies":[{"embeddable":true,"href":"https:\/\/dgospel.com.br\/portal\/index.php\/wp-json\/wp\/v2\/comments?post=17070"}],"version-history":[{"count":1,"href":"https:\/\/dgospel.com.br\/portal\/index.php\/wp-json\/wp\/v2\/posts\/17070\/revisions"}],"predecessor-version":[{"id":17072,"href":"https:\/\/dgospel.com.br\/portal\/index.php\/wp-json\/wp\/v2\/posts\/17070\/revisions\/17072"}],"wp:featuredmedia":[{"embeddable":true,"href":"https:\/\/dgospel.com.br\/portal\/index.php\/wp-json\/wp\/v2\/media\/17071"}],"wp:attachment":[{"href":"https:\/\/dgospel.com.br\/portal\/index.php\/wp-json\/wp\/v2\/media?parent=17070"}],"wp:term":[{"taxonomy":"category","embeddable":true,"href":"https:\/\/dgospel.com.br\/portal\/index.php\/wp-json\/wp\/v2\/categories?post=17070"},{"taxonomy":"post_tag","embeddable":true,"href":"https:\/\/dgospel.com.br\/portal\/index.php\/wp-json\/wp\/v2\/tags?post=17070"}],"curies":[{"name":"wp","href":"https:\/\/api.w.org\/{rel}","templated":true}]}}