{"id":17080,"date":"2023-09-14T11:15:03","date_gmt":"2023-09-14T14:15:03","guid":{"rendered":"http:\/\/dgospel.com.br\/portal\/?p=17080"},"modified":"2023-09-14T11:15:04","modified_gmt":"2023-09-14T14:15:04","slug":"congresso-instala-frente-em-defesa-da-familia-e-apoio-a-vida","status":"publish","type":"post","link":"https:\/\/dgospel.com.br\/portal\/index.php\/2023\/09\/14\/congresso-instala-frente-em-defesa-da-familia-e-apoio-a-vida\/","title":{"rendered":"Congresso instala Frente em Defesa da Fam\u00edlia e Apoio \u00e0 Vida"},"content":{"rendered":"\n<p>Nesta quarta-feira (13), foi instalada no Congresso Nacional a Frente Parlamentar Mista em Defesa da Fam\u00edlia e Apoio \u00e0 Vida (FPMDFAV). O grupo \u00e9 formado por 21 senadores e 21 deputados federais.<\/p>\n\n\n\n<p>Entre os nomes que fazem parte desta nova bancada est\u00e3o os senadores Magno Malta (PL-ES), Damares Alves (Republicanos-DF), senador Marcos Rog\u00e9rio (PL-RO) e Eduardo Gir\u00e3o (Novo-CE). Na lista de deputados federais Priscilla Costa (PL-CE), Nikolas Ferreira (PL-MG), Eros Biondini (PLMG), Pastor Marco Feliciano (PL-SP), entre outros.<\/p>\n\n\n\n<p>A senadora Damares Alves revelou, nas redes sociais, que a FPMDFAV possui \u00e1reas tem\u00e1ticas de atua\u00e7\u00e3o e um parlamentar como vice-presidente para cada \u00e1rea. Ela ser\u00e1 vice-presidente do tema Combate ao Abuso Sexual e Maus-Tratos Infantis.<\/p>\n\n\n\n<p>\u2013 Mais um grande avan\u00e7o dentro do Congresso brasileiro para discutirmos e defendermos as fam\u00edlias e a vida. Acompanhem nosso trabalho! \u2013 celebrou a senadora.<\/p>\n\n\n\n<p>O senador Magno Malta comentou a import\u00e2ncia de instalar esta frente diante do cen\u00e1rio pol\u00edtico promovido pelo atual governo do pa\u00eds.<\/p>\n\n\n\n<p>\u2013 Com o governo que temos hoje, \u00e9 de extrema import\u00e2ncia que os defensores da vida se organizem e trabalhem diuturnamente na defesa dessas pautas, que est\u00e3o sendo atacadas ferozmente por diversos meios \u2013 disse o parlamentar no Instagram.<\/p>\n","protected":false},"excerpt":{"rendered":"<p>Nesta quarta-feira (13), foi instalada no Congresso Nacional a Frente Parlamentar Mista em Defesa da Fam\u00edlia e Apoio \u00e0 Vida (FPMDFAV). O grupo \u00e9 formado por 21 senadores e 21 deputados federais. Entre os nomes que fazem parte desta nova bancada est\u00e3o os senadores Magno Malta (PL-ES), Damares Alves (Republicanos-DF), senador Marcos Rog\u00e9rio (PL-RO) e [&hellip;]<\/p>\n","protected":false},"author":2,"featured_media":17081,"comment_status":"open","ping_status":"open","sticky":false,"template":"","format":"standard","meta":[],"categories":[8],"tags":[],"_links":{"self":[{"href":"https:\/\/dgospel.com.br\/portal\/index.php\/wp-json\/wp\/v2\/posts\/17080"}],"collection":[{"href":"https:\/\/dgospel.com.br\/portal\/index.php\/wp-json\/wp\/v2\/posts"}],"about":[{"href":"https:\/\/dgospel.com.br\/portal\/index.php\/wp-json\/wp\/v2\/types\/post"}],"author":[{"embeddable":true,"href":"https:\/\/dgospel.com.br\/portal\/index.php\/wp-json\/wp\/v2\/users\/2"}],"replies":[{"embeddable":true,"href":"https:\/\/dgospel.com.br\/portal\/index.php\/wp-json\/wp\/v2\/comments?post=17080"}],"version-history":[{"count":1,"href":"https:\/\/dgospel.com.br\/portal\/index.php\/wp-json\/wp\/v2\/posts\/17080\/revisions"}],"predecessor-version":[{"id":17082,"href":"https:\/\/dgospel.com.br\/portal\/index.php\/wp-json\/wp\/v2\/posts\/17080\/revisions\/17082"}],"wp:featuredmedia":[{"embeddable":true,"href":"https:\/\/dgospel.com.br\/portal\/index.php\/wp-json\/wp\/v2\/media\/17081"}],"wp:attachment":[{"href":"https:\/\/dgospel.com.br\/portal\/index.php\/wp-json\/wp\/v2\/media?parent=17080"}],"wp:term":[{"taxonomy":"category","embeddable":true,"href":"https:\/\/dgospel.com.br\/portal\/index.php\/wp-json\/wp\/v2\/categories?post=17080"},{"taxonomy":"post_tag","embeddable":true,"href":"https:\/\/dgospel.com.br\/portal\/index.php\/wp-json\/wp\/v2\/tags?post=17080"}],"curies":[{"name":"wp","href":"https:\/\/api.w.org\/{rel}","templated":true}]}}