{"id":17092,"date":"2023-09-14T11:32:06","date_gmt":"2023-09-14T14:32:06","guid":{"rendered":"http:\/\/dgospel.com.br\/portal\/?p=17092"},"modified":"2023-09-14T11:32:07","modified_gmt":"2023-09-14T14:32:07","slug":"alckmin-intensifica-conversas-com-liderancas-evangelicas","status":"publish","type":"post","link":"https:\/\/dgospel.com.br\/portal\/index.php\/2023\/09\/14\/alckmin-intensifica-conversas-com-liderancas-evangelicas\/","title":{"rendered":"Alckmin intensifica conversas com lideran\u00e7as evang\u00e9licas"},"content":{"rendered":"\n<p>O vice-presidente da Rep\u00fablica e ministro da Ind\u00fastria e Com\u00e9rcio, Geraldo Alckmin tem procurado lideran\u00e7as evang\u00e9licas para saber o cen\u00e1rio atual da religi\u00e3o no Brasil.<\/p>\n\n\n\n<p>O tema foi discutido por Alckmin em reuni\u00e3o na ter\u00e7a-feira, 12, com o deputado federal Cezinha de Madureira (PSD-SP), um dos l\u00edderes da Assembleia de Deus do Minist\u00e9rio de Madureira.<\/p>\n\n\n\n<p>Segundo fontes do Pal\u00e1cio do Planalto ouvidas pela coluna de Igor Gadelha, do Metr\u00f3poles, o vice-presidente quis saber sobretudo sobre o cen\u00e1rio evang\u00e9lico em S\u00e3o Paulo, reduto pol\u00edtico dele.<\/p>\n\n\n\n<p>A articula\u00e7\u00e3o de Alckmin junto a lideran\u00e7as evang\u00e9licas atende a pedido do pr\u00f3prio governo Lula, que&nbsp;<a href=\"https:\/\/folhagospel.com\/projeto-que-beneficia-igrejas-trava-e-prejudica-relacao-de-lula-com-evangelicos\/\" target=\"_blank\" rel=\"noreferrer noopener\"><strong>enfrenta resist\u00eancia&nbsp;<\/strong><\/a>perante o eleitorado dessa religi\u00e3o.<\/p>\n\n\n\n<p>Em 10 de agosto, o vice havia recebido, tamb\u00e9m no Planalto, o deputado S\u00f3stenes Cavalcante (PL-RJ), um dos parlamentares mais pr\u00f3ximos do pastor&nbsp;<strong><a href=\"https:\/\/folhagospel.com\/nacao-pertence-a-jesus-nao-a-alexandre-de-moraes-diz-silas-malafaia-na-marcha-para-jesus-do-rj\/\" target=\"_blank\" rel=\"noreferrer noopener\">Silas Malafaia<\/a><\/strong>.<\/p>\n\n\n\n<p>Em abril, por ordem de Lula,&nbsp;<strong><a href=\"https:\/\/folhagospel.com\/geraldo-alckmin-vice-presidente-do-brasil-participa-da-convencao-nacional-das-assembleia-de-deus\/\" target=\"_blank\" rel=\"noreferrer noopener\">Alckmin representou o governo<\/a><\/strong>&nbsp;na Conven\u00e7\u00e3o Nacional das Assembleias de Deus do Minist\u00e9rio de Madureira, em Bras\u00edlia.<\/p>\n\n\n\n<p>O evento contou com a presen\u00e7a de cerca de oito mil pastores. \u00c0 \u00e9poca, Alckmin estava como presidente da Rep\u00fablica em exerc\u00edcio em raz\u00e3o da viagem de Lula a Portugal.<\/p>\n\n\n\n<p><strong>Fonte: Coluna de Igor Gadelha \u2013 Metr\u00f3poles<\/strong><\/p>\n","protected":false},"excerpt":{"rendered":"<p>O vice-presidente da Rep\u00fablica e ministro da Ind\u00fastria e Com\u00e9rcio, Geraldo Alckmin tem procurado lideran\u00e7as evang\u00e9licas para saber o cen\u00e1rio atual da religi\u00e3o no Brasil. O tema foi discutido por Alckmin em reuni\u00e3o na ter\u00e7a-feira, 12, com o deputado federal Cezinha de Madureira (PSD-SP), um dos l\u00edderes da Assembleia de Deus do Minist\u00e9rio de Madureira. [&hellip;]<\/p>\n","protected":false},"author":2,"featured_media":17093,"comment_status":"open","ping_status":"open","sticky":false,"template":"","format":"standard","meta":[],"categories":[4],"tags":[],"_links":{"self":[{"href":"https:\/\/dgospel.com.br\/portal\/index.php\/wp-json\/wp\/v2\/posts\/17092"}],"collection":[{"href":"https:\/\/dgospel.com.br\/portal\/index.php\/wp-json\/wp\/v2\/posts"}],"about":[{"href":"https:\/\/dgospel.com.br\/portal\/index.php\/wp-json\/wp\/v2\/types\/post"}],"author":[{"embeddable":true,"href":"https:\/\/dgospel.com.br\/portal\/index.php\/wp-json\/wp\/v2\/users\/2"}],"replies":[{"embeddable":true,"href":"https:\/\/dgospel.com.br\/portal\/index.php\/wp-json\/wp\/v2\/comments?post=17092"}],"version-history":[{"count":1,"href":"https:\/\/dgospel.com.br\/portal\/index.php\/wp-json\/wp\/v2\/posts\/17092\/revisions"}],"predecessor-version":[{"id":17094,"href":"https:\/\/dgospel.com.br\/portal\/index.php\/wp-json\/wp\/v2\/posts\/17092\/revisions\/17094"}],"wp:featuredmedia":[{"embeddable":true,"href":"https:\/\/dgospel.com.br\/portal\/index.php\/wp-json\/wp\/v2\/media\/17093"}],"wp:attachment":[{"href":"https:\/\/dgospel.com.br\/portal\/index.php\/wp-json\/wp\/v2\/media?parent=17092"}],"wp:term":[{"taxonomy":"category","embeddable":true,"href":"https:\/\/dgospel.com.br\/portal\/index.php\/wp-json\/wp\/v2\/categories?post=17092"},{"taxonomy":"post_tag","embeddable":true,"href":"https:\/\/dgospel.com.br\/portal\/index.php\/wp-json\/wp\/v2\/tags?post=17092"}],"curies":[{"name":"wp","href":"https:\/\/api.w.org\/{rel}","templated":true}]}}