{"id":17098,"date":"2023-09-14T11:43:43","date_gmt":"2023-09-14T14:43:43","guid":{"rendered":"http:\/\/dgospel.com.br\/portal\/?p=17098"},"modified":"2023-09-14T11:43:43","modified_gmt":"2023-09-14T14:43:43","slug":"governo-do-tocantins-inicia-direcionamento-de-acoes-integradas-de-combate-ao-desmatamento-ilegal","status":"publish","type":"post","link":"https:\/\/dgospel.com.br\/portal\/index.php\/2023\/09\/14\/governo-do-tocantins-inicia-direcionamento-de-acoes-integradas-de-combate-ao-desmatamento-ilegal\/","title":{"rendered":"Governo do Tocantins inicia direcionamento de a\u00e7\u00f5es integradas de combate ao desmatamento ilegal"},"content":{"rendered":"\n<p>O Governo do Tocantins iniciou os trabalhos para direcionamento de a\u00e7\u00f5es integradas de combate ao desmatamento ilegal e monitoramento remoto. O Grupo de Trabalho criado atrav\u00e9s da Portaria Conjunta n\u00ba 2\/2023, que agrupa a Secretaria do Meio Ambiente e Recursos H\u00eddricos (Semarh), Instituto Natureza do Tocantins (Naturatins) e Batalh\u00e3o da Pol\u00edcia Militar Ambiental (BPMA) para orienta\u00e7\u00e3o de a\u00e7\u00f5es integradas, se reuniu pela primeira vez, na manh\u00e3 desta quarta-feira, 13, no Centro de Intelig\u00eancia Geogr\u00e1fica em Gest\u00e3o do Meio Ambiente (Cigma), que contou ainda com a presen\u00e7a do Instituto Brasileiro do Meio Ambiente e dos Recursos Naturais Renov\u00e1veis (Ibama-TO) como convidado.<\/p>\n\n\n\n<p>Neste encontro, a equipe definiu que o planejamento vai come\u00e7ar com foco nos munic\u00edpios que mais desmataram no per\u00edodo de 2021 a 2022 e, em seguida, considerando o tamanho da \u00e1rea m\u00ednima de desmatamento, que \u00e9 de 20 a 30 hectares.<\/p>\n\n\n\n<p>As reuni\u00f5es ser\u00e3o semanais e, na pr\u00f3xima semana, a equipe vai iniciar a elabora\u00e7\u00e3o das metodologias e rotinas de trabalho. O Grupo de Trabalho tem o prazo de tr\u00eas meses para criar esse procedimento de monitoramento, orienta\u00e7\u00e3o e indica\u00e7\u00e3o das \u00e1reas priorit\u00e1rias.<\/p>\n\n\n\n<p>De acordo com a Portaria, a medida tem o objetivo de organizar a\u00e7\u00f5es estrat\u00e9gicas para proporcionar celeridade, exatid\u00e3o e resultados na atua\u00e7\u00e3o integrada dos \u00f3rg\u00e3os ambientais do Estado para redu\u00e7\u00e3o dos \u00edndices de desmatamento ilegal constatados no Tocantins e responsabiliza\u00e7\u00e3o dos infratores.<\/p>\n\n\n\n<p>A engenheira e analista Ambiental da Semarh, Ol\u00edria Menezes, reiterou que nesse encontro tamb\u00e9m foi definido o canal de comunica\u00e7\u00e3o para realiza\u00e7\u00e3o das discuss\u00f5es a respeito dos requisitos que ser\u00e3o utilizados para decis\u00e3o sobre a necessidade de deslocamento para fiscaliza\u00e7\u00e3o local ou realiza\u00e7\u00e3o do embargo remoto; bem como ser\u00e1 divulgado.&nbsp;<\/p>\n\n\n\n<p>Conforme o documento, durante tr\u00eas meses, o Grupo de trabalho ser\u00e1 respons\u00e1vel pela elabora\u00e7\u00e3o da regulamenta\u00e7\u00e3o dos procedimentos a serem adotados durante os procedimentos de monitoramento remoto e orienta\u00e7\u00e3o das \u00e1reas priorit\u00e1rias a serem monitoradas, visando a elabora\u00e7\u00e3o de pareceres t\u00e9cnicos, autos de infra\u00e7\u00e3o e termos de embargo para fins de responsabiliza\u00e7\u00e3o dos infratores pelo desmatamento ilegal, podendo o prazo ser prorrogado caso necess\u00e1rio.<\/p>\n\n\n\n<p><strong>MMA<\/strong><\/p>\n\n\n\n<p>Em julho, o Tocantins participou da reuni\u00e3o de avalia\u00e7\u00e3o das estrat\u00e9gias de combate ao desmatamento no bioma Cerrado no Minist\u00e9rio do Meio Ambiente e Mudan\u00e7as do Clima (MMA), em Bras\u00edlia. Na ocasi\u00e3o, o MMA recebeu representantes das secretarias do Meio Ambiente de dez Estados e do Distrito Federal, entre eles Bahia, Piau\u00ed, Maranh\u00e3o, Tocantins, Mato Grosso, Mato Grosso do Sul, Paran\u00e1, S\u00e3o Paulo, Minas Gerais e Goi\u00e1s, al\u00e9m de integrantes da Associa\u00e7\u00e3o Brasileira de Entidades Estaduais de Meio Ambiente (Abema).<\/p>\n\n\n\n<p>O secret\u00e1rio Marcello Lelis enfatizou que \u201co Tocantins est\u00e1 empenhado para atender as recomenda\u00e7\u00f5es do Minist\u00e9rio do Meio Ambiente e a demanda discutida no encontro, onde foram tra\u00e7adas algumas estrat\u00e9gias e a principal delas prop\u00f4s a integra\u00e7\u00e3o dos \u00f3rg\u00e3os ambientais entorno de a\u00e7\u00f5es conjuntas para reduzir o desmatamento ilegal no bioma Cerrado. Hoje iniciamos a medida estabelecida na Portaria Conjunta e v\u00e1rias a\u00e7\u00f5es v\u00e3o derivar dessa iniciativa integrada, como o monitoramento remoto e a\u00e7\u00f5es presenciais conjuntas dos \u00f3rg\u00e3os ambientais\u201d, ressaltou.<\/p>\n","protected":false},"excerpt":{"rendered":"<p>O Governo do Tocantins iniciou os trabalhos para direcionamento de a\u00e7\u00f5es integradas de combate ao desmatamento ilegal e monitoramento remoto. O Grupo de Trabalho criado atrav\u00e9s da Portaria Conjunta n\u00ba 2\/2023, que agrupa a Secretaria do Meio Ambiente e Recursos H\u00eddricos (Semarh), Instituto Natureza do Tocantins (Naturatins) e Batalh\u00e3o da Pol\u00edcia Militar Ambiental (BPMA) para [&hellip;]<\/p>\n","protected":false},"author":2,"featured_media":17099,"comment_status":"open","ping_status":"open","sticky":false,"template":"","format":"standard","meta":[],"categories":[3],"tags":[13],"_links":{"self":[{"href":"https:\/\/dgospel.com.br\/portal\/index.php\/wp-json\/wp\/v2\/posts\/17098"}],"collection":[{"href":"https:\/\/dgospel.com.br\/portal\/index.php\/wp-json\/wp\/v2\/posts"}],"about":[{"href":"https:\/\/dgospel.com.br\/portal\/index.php\/wp-json\/wp\/v2\/types\/post"}],"author":[{"embeddable":true,"href":"https:\/\/dgospel.com.br\/portal\/index.php\/wp-json\/wp\/v2\/users\/2"}],"replies":[{"embeddable":true,"href":"https:\/\/dgospel.com.br\/portal\/index.php\/wp-json\/wp\/v2\/comments?post=17098"}],"version-history":[{"count":1,"href":"https:\/\/dgospel.com.br\/portal\/index.php\/wp-json\/wp\/v2\/posts\/17098\/revisions"}],"predecessor-version":[{"id":17100,"href":"https:\/\/dgospel.com.br\/portal\/index.php\/wp-json\/wp\/v2\/posts\/17098\/revisions\/17100"}],"wp:featuredmedia":[{"embeddable":true,"href":"https:\/\/dgospel.com.br\/portal\/index.php\/wp-json\/wp\/v2\/media\/17099"}],"wp:attachment":[{"href":"https:\/\/dgospel.com.br\/portal\/index.php\/wp-json\/wp\/v2\/media?parent=17098"}],"wp:term":[{"taxonomy":"category","embeddable":true,"href":"https:\/\/dgospel.com.br\/portal\/index.php\/wp-json\/wp\/v2\/categories?post=17098"},{"taxonomy":"post_tag","embeddable":true,"href":"https:\/\/dgospel.com.br\/portal\/index.php\/wp-json\/wp\/v2\/tags?post=17098"}],"curies":[{"name":"wp","href":"https:\/\/api.w.org\/{rel}","templated":true}]}}