{"id":17101,"date":"2023-09-14T11:45:16","date_gmt":"2023-09-14T14:45:16","guid":{"rendered":"http:\/\/dgospel.com.br\/portal\/?p=17101"},"modified":"2023-09-14T11:45:17","modified_gmt":"2023-09-14T14:45:17","slug":"governo-do-tocantins-promove-regularizacao-de-documentacao-civil-de-pessoas-egressas-do-sistema-prisional","status":"publish","type":"post","link":"https:\/\/dgospel.com.br\/portal\/index.php\/2023\/09\/14\/governo-do-tocantins-promove-regularizacao-de-documentacao-civil-de-pessoas-egressas-do-sistema-prisional\/","title":{"rendered":"Governo do Tocantins promove regulariza\u00e7\u00e3o de documenta\u00e7\u00e3o civil de pessoas egressas do sistema prisional"},"content":{"rendered":"\n<p>O Governo do Tocantins, por meio do &nbsp;Instituto de Identifica\u00e7\u00e3o, em parceria com o Tribunal de Justi\u00e7a do Tocantins (TJTO), participou nessa quarta-feira, 13, de mais uma a\u00e7\u00e3o conjunta de regulariza\u00e7\u00e3o de documentos civis de pessoas egressas do sistema prisional e seus familiares.<\/p>\n\n\n\n<p>Al\u00e9m de promover a inclus\u00e3o social dessas pessoas, a a\u00e7\u00e3o visa garantir a elas os direitos civis, as pol\u00edticas p\u00fablicas e os direitos sociais, que precisam dos documentos civis regularizados para serem acessados.<\/p>\n\n\n\n<p>A diretora do Instituto de Identifica\u00e7\u00e3o, Elaine Monteiro Tonon, destaca a import\u00e2ncia da a\u00e7\u00e3o para promover a dignidade dos egressos do sistema prisional. \u201cO Instituto de Identifica\u00e7\u00e3o tem uma enorme satisfa\u00e7\u00e3o em participar desta a\u00e7\u00e3o que&nbsp; traz mais cidadania para os egressos do sistema prisional. \u00c9 muito gratificante poder contribuir para que cada um desses cidad\u00e3os tenham a possibilidade de recome\u00e7ar suas vidas em sociedade\u201d, ressaltou.<\/p>\n\n\n\n<p>Participaram tamb\u00e9m da a\u00e7\u00e3o de regulariza\u00e7\u00e3o a&nbsp;<a href=\"https:\/\/www.to.gov.br\/cidadaniaejustica\">Secretaria da Cidadania e Justi\u00e7a<\/a>&nbsp;(Seciju), Receita Federal, Tribunal Regional Eleitoral (TRE-TO) e a Junta Militar do Tocantins.<\/p>\n","protected":false},"excerpt":{"rendered":"<p>O Governo do Tocantins, por meio do &nbsp;Instituto de Identifica\u00e7\u00e3o, em parceria com o Tribunal de Justi\u00e7a do Tocantins (TJTO), participou nessa quarta-feira, 13, de mais uma a\u00e7\u00e3o conjunta de regulariza\u00e7\u00e3o de documentos civis de pessoas egressas do sistema prisional e seus familiares. Al\u00e9m de promover a inclus\u00e3o social dessas pessoas, a a\u00e7\u00e3o visa garantir [&hellip;]<\/p>\n","protected":false},"author":2,"featured_media":17102,"comment_status":"open","ping_status":"open","sticky":false,"template":"","format":"standard","meta":[],"categories":[3],"tags":[13],"_links":{"self":[{"href":"https:\/\/dgospel.com.br\/portal\/index.php\/wp-json\/wp\/v2\/posts\/17101"}],"collection":[{"href":"https:\/\/dgospel.com.br\/portal\/index.php\/wp-json\/wp\/v2\/posts"}],"about":[{"href":"https:\/\/dgospel.com.br\/portal\/index.php\/wp-json\/wp\/v2\/types\/post"}],"author":[{"embeddable":true,"href":"https:\/\/dgospel.com.br\/portal\/index.php\/wp-json\/wp\/v2\/users\/2"}],"replies":[{"embeddable":true,"href":"https:\/\/dgospel.com.br\/portal\/index.php\/wp-json\/wp\/v2\/comments?post=17101"}],"version-history":[{"count":1,"href":"https:\/\/dgospel.com.br\/portal\/index.php\/wp-json\/wp\/v2\/posts\/17101\/revisions"}],"predecessor-version":[{"id":17103,"href":"https:\/\/dgospel.com.br\/portal\/index.php\/wp-json\/wp\/v2\/posts\/17101\/revisions\/17103"}],"wp:featuredmedia":[{"embeddable":true,"href":"https:\/\/dgospel.com.br\/portal\/index.php\/wp-json\/wp\/v2\/media\/17102"}],"wp:attachment":[{"href":"https:\/\/dgospel.com.br\/portal\/index.php\/wp-json\/wp\/v2\/media?parent=17101"}],"wp:term":[{"taxonomy":"category","embeddable":true,"href":"https:\/\/dgospel.com.br\/portal\/index.php\/wp-json\/wp\/v2\/categories?post=17101"},{"taxonomy":"post_tag","embeddable":true,"href":"https:\/\/dgospel.com.br\/portal\/index.php\/wp-json\/wp\/v2\/tags?post=17101"}],"curies":[{"name":"wp","href":"https:\/\/api.w.org\/{rel}","templated":true}]}}