{"id":17106,"date":"2023-09-18T20:37:36","date_gmt":"2023-09-18T23:37:36","guid":{"rendered":"http:\/\/dgospel.com.br\/portal\/?p=17106"},"modified":"2023-09-18T20:37:37","modified_gmt":"2023-09-18T23:37:37","slug":"consulta-publica-em-palmas-encerra-com-publico-recorde-as-acoes-para-elaboracao-do-ppa-2024-2027","status":"publish","type":"post","link":"https:\/\/dgospel.com.br\/portal\/index.php\/2023\/09\/18\/consulta-publica-em-palmas-encerra-com-publico-recorde-as-acoes-para-elaboracao-do-ppa-2024-2027\/","title":{"rendered":"Consulta P\u00fablica em Palmas encerra com p\u00fablico recorde as a\u00e7\u00f5es para elabora\u00e7\u00e3o do PPA 2024-2027"},"content":{"rendered":"\n<p>Mais de 2 mil pessoas participaram na sexta-feira, 15, da \u00faltima Consulta P\u00fablica do PPA 2024-2027, realizada em Palmas, sede da Regional Central, composta por 12 cidades.<\/p>\n\n\n\n<p>\u201c\u00c9 uma alegria chegar ao final das consultas p\u00fablicas tendo ouvido tantos tocantinenses e tendo certeza de que os anseios da comunidade estar\u00e3o dentro do PPA 2024-2027. O futuro que os tocantinenses sonham come\u00e7ou a ser tra\u00e7ado na participa\u00e7\u00e3o de cada cidad\u00e3o. Eu agrade\u00e7o a cada um que foi a uma consulta, deu a sua opini\u00e3o, votou nos desafios principais da sua regi\u00e3o e escolheu o futuro que teremos\u201d, agradeceu o secret\u00e1rio de Estado do Planejamento e Or\u00e7amento, Sergislei de Moura.<\/p>\n\n\n\n<p>As cidades que comp\u00f5em a regi\u00e3o central s\u00e3o Aparecida do Rio Negro, Brejinho de Nazar\u00e9, Ipueiras, Lajeado, Miracema do Tocantins, Miranorte, Monte do Carmo, Palmas, Porto Nacional, Santa Rosa do Tocantins, Silvan\u00f3polis e Tocant\u00ednia. A &nbsp;Consulta P\u00fablica ocorreu no Col\u00e9gio Militar Senador Ant\u00f4nio Luiz Maya, em Palmas, com p\u00fablico recorde e grande participa\u00e7\u00e3o da comunidade na escolha das prioridades da regional central.<\/p>\n\n\n\n<p>Com as salas dos eixos tem\u00e1ticos lotadas, cada um dos eixos levantou quest\u00f5es relevantes para a Plen\u00e1ria Final da Consulta P\u00fablica e cada eixo defendeu suas prioridades para toda a comunidade antes da vota\u00e7\u00e3o final.<\/p>\n\n\n\n<p><strong>Resultado<\/strong><\/p>\n\n\n\n<p>A participa\u00e7\u00e3o em massa dos agentes de seguran\u00e7a p\u00fablica garantiu que a prioridade das prioridades fosse do eixo Seguran\u00e7a, Assist\u00eancia Social e Cidadania e diz sobre&nbsp;<em>Aumentar o efetivo e qualificar os profissionais de Seguran\u00e7a P\u00fablica.<\/em><\/p>\n\n\n\n<p>Na sequ\u00eancia, a mobiliza\u00e7\u00e3o em torno da infraestrutura conquistou uma demanda para a comunidade do Eixo Infraestrutura Econ\u00f4mica e Urbana, e o desafio vencedor foi&nbsp;<em>Promover a pavimenta\u00e7\u00e3o asf\u00e1ltica da rodovia TO-446, no trecho entre Miranorte e Abreulandia.&nbsp;<\/em>O eixo Sa\u00fade e Bem-Estar conquistou o terceiro lugar, com o desafio&nbsp;<em>Implantar e estruturar leitos de UTI e UCI nos hospitais de regionais de refer\u00eancia e maternidade das regi\u00f5es.<\/em><\/p>\n\n\n\n<p>Do Eixo Educa\u00e7\u00e3o, Ci\u00eancia, Tecnologia e Inova\u00e7\u00e3o, o destaque foi para&nbsp;<em>Valorizar os profissionais da educa\u00e7\u00e3o, por meio de: revis\u00e3o salarial, forma\u00e7\u00e3o continuada, plano de carreira, condi\u00e7\u00f5es de trabalho, incentivo a perman\u00eancia, valoriza\u00e7\u00e3o da experi\u00eancia.<\/em><\/p>\n\n\n\n<p>Com boa participa\u00e7\u00e3o da comunidade,<em>&nbsp;o Eixo&nbsp;<\/em>Gest\u00e3o P\u00fablica e Governan\u00e7a elegeu o desafio&nbsp;<em>Capacitar os servidores p\u00fablicos estaduais, municipais e colaboradores de Institui\u00e7\u00f5es conveniadas.<\/em><\/p>\n\n\n\n<p>No Eixo Desenvolvimento Produtivo, Emprego e Renda,&nbsp;<em>Promover a agroindustrializa\u00e7\u00e3o dos produtos regionais (Produtos da Terra)&nbsp;<\/em>foi a escolha da plen\u00e1ria final.<\/p>\n\n\n\n<p>E para encerrar os sete eixos tem\u00e1ticos que comp\u00f5em a metodologia do PPA 2024-2027, o Eixo Meio Ambiente e Mudan\u00e7as Clim\u00e1ticas definiu como prioridade&nbsp;<em>Reduzir o desmatamento, queimadas ilegais e inc\u00eandios florestais.<\/em><\/p>\n\n\n\n<p><strong>PPA na pr\u00e1tica<\/strong><\/p>\n\n\n\n<p>A partir dos desafios eleitos em cada eixo tem\u00e1tico, e com as informa\u00e7\u00f5es da Plen\u00e1ria Final e a elei\u00e7\u00e3o da Prioridade das Prioridades, o Governo do Tocantins vai elaborar a proposta do PPA 2024-2027, contemplando objetivos, metas e a\u00e7\u00f5es para tornar as prioridades eleitas uma realidade de Governo. O PPA \u00e9 o balizador do or\u00e7amento p\u00fablico e as a\u00e7\u00f5es contempladas no seu planejamento s\u00e3o uma das diretrizes dos pr\u00f3ximos 4 anos do Estado.<\/p>\n\n\n\n<p><strong>Hist\u00f3rico<\/strong><\/p>\n\n\n\n<p>As consultas p\u00fablicas tiveram in\u00edcio em Araguatins, no dia&nbsp;14 de abril,&nbsp;e j\u00e1 foram realizadas nove edi\u00e7\u00f5es, de norte a sul do Tocantins. A caravana do Governo do Tocantins est\u00e1 trabalhando para ouvir os principais desafios e demandas da comunidade de todas as regi\u00f5es.<\/p>\n\n\n\n<p>Com o lema&nbsp;<em>Ouvir para Cuidar<\/em>, a primeira consulta ocorreu no dia&nbsp;14 de abril e&nbsp;seguiram&nbsp;nas seguintes cidades: Araguatins (14 de abril); Aragua\u00edna (26 de maio); Colinas (2 de junho); Divin\u00f3polis (23 de junho); Taguatinga (28 de junho); Dian\u00f3polis (30 de junho); Gurupi (4 de agosto); Pedro Afonso (5 de setembro) e Novo Acordo (12 de setembro).<\/p>\n\n\n\n<p>Com as informa\u00e7\u00f5es colhidas nestas 10 consultas p\u00fablicas realizadas de norte a sul do Tocantins, escutando cerca de 8 mil pessoas, e atendendo ao lema do PPA 2014-2027,&nbsp;<em>Ouvir pra Cuidar<\/em>, a elabora\u00e7\u00e3o da Lei do PPA come\u00e7a a ser constru\u00edda.<\/p>\n\n\n\n<p>A voz do povo ecoa em busca de um Tocantins, a cada dia, melhor e o futuro do Estado j\u00e1 come\u00e7ou a ser desenhado pelas escolhas dos tocantinenses.<\/p>\n\n\n\n<p><img src=\"https:\/\/central.to.gov.br\/image\/347243?w=670&amp;h=383\"><\/p>\n\n\n\n<p>Seguran\u00e7a p\u00fablica compareceu em peso e garantiu a prioridade das prioridades na Consulta P\u00fablica do PPA Palmas &#8211; Thiago Wahlbrink\/Governo do Tocantins\u00a0<\/p>\n\n\n\n<p><img src=\"https:\/\/central.to.gov.br\/image\/347242?w=670&amp;h=383\"><\/p>\n\n\n\n<p>P\u00fablico Recorde comparece \u00e0 Consulta P\u00fablica em PPA Palmas &#8211; Thiago Wahlbrink\/Governo do Tocantins&nbsp;<\/p>\n","protected":false},"excerpt":{"rendered":"<p>Mais de 2 mil pessoas participaram na sexta-feira, 15, da \u00faltima Consulta P\u00fablica do PPA 2024-2027, realizada em Palmas, sede da Regional Central, composta por 12 cidades. \u201c\u00c9 uma alegria chegar ao final das consultas p\u00fablicas tendo ouvido tantos tocantinenses e tendo certeza de que os anseios da comunidade estar\u00e3o dentro do PPA 2024-2027. O [&hellip;]<\/p>\n","protected":false},"author":2,"featured_media":17107,"comment_status":"open","ping_status":"open","sticky":false,"template":"","format":"standard","meta":[],"categories":[3],"tags":[13],"_links":{"self":[{"href":"https:\/\/dgospel.com.br\/portal\/index.php\/wp-json\/wp\/v2\/posts\/17106"}],"collection":[{"href":"https:\/\/dgospel.com.br\/portal\/index.php\/wp-json\/wp\/v2\/posts"}],"about":[{"href":"https:\/\/dgospel.com.br\/portal\/index.php\/wp-json\/wp\/v2\/types\/post"}],"author":[{"embeddable":true,"href":"https:\/\/dgospel.com.br\/portal\/index.php\/wp-json\/wp\/v2\/users\/2"}],"replies":[{"embeddable":true,"href":"https:\/\/dgospel.com.br\/portal\/index.php\/wp-json\/wp\/v2\/comments?post=17106"}],"version-history":[{"count":1,"href":"https:\/\/dgospel.com.br\/portal\/index.php\/wp-json\/wp\/v2\/posts\/17106\/revisions"}],"predecessor-version":[{"id":17108,"href":"https:\/\/dgospel.com.br\/portal\/index.php\/wp-json\/wp\/v2\/posts\/17106\/revisions\/17108"}],"wp:featuredmedia":[{"embeddable":true,"href":"https:\/\/dgospel.com.br\/portal\/index.php\/wp-json\/wp\/v2\/media\/17107"}],"wp:attachment":[{"href":"https:\/\/dgospel.com.br\/portal\/index.php\/wp-json\/wp\/v2\/media?parent=17106"}],"wp:term":[{"taxonomy":"category","embeddable":true,"href":"https:\/\/dgospel.com.br\/portal\/index.php\/wp-json\/wp\/v2\/categories?post=17106"},{"taxonomy":"post_tag","embeddable":true,"href":"https:\/\/dgospel.com.br\/portal\/index.php\/wp-json\/wp\/v2\/tags?post=17106"}],"curies":[{"name":"wp","href":"https:\/\/api.w.org\/{rel}","templated":true}]}}