{"id":17109,"date":"2023-09-18T20:40:56","date_gmt":"2023-09-18T23:40:56","guid":{"rendered":"http:\/\/dgospel.com.br\/portal\/?p=17109"},"modified":"2023-09-18T20:40:57","modified_gmt":"2023-09-18T23:40:57","slug":"wanderlei-barbosa-prestigia-festa-da-colheita-do-capim-dourado-na-comunidade-mumbuca","status":"publish","type":"post","link":"https:\/\/dgospel.com.br\/portal\/index.php\/2023\/09\/18\/wanderlei-barbosa-prestigia-festa-da-colheita-do-capim-dourado-na-comunidade-mumbuca\/","title":{"rendered":"Wanderlei Barbosa prestigia Festa da Colheita do Capim-Dourado na comunidade Mumbuca"},"content":{"rendered":"\n<p>O governador Wanderlei Barbosa, acompanhado da primeira-dama Karynne Sotero, lan\u00e7ou nesse domingo, 17, o selo comemorativo dos 35 anos do estado do Tocantins, no povoado Mumbuca, a 32 km da cidade de Mateiros, na regi\u00e3o do Jalap\u00e3o, onde prestigiou a Festa da Colheita do Capim-Dourado e participou da inaugura\u00e7\u00e3o do posto de sa\u00fade local.<\/p>\n\n\n\n<p>O selo conta com marcas compostas por tra\u00e7os que remetem \u00e0 identidade do Governo, com as cores amarela, azul e branca da bandeira do Estado, tamb\u00e9m presentes no nome da m\u00fasica que ser\u00e1 o lema da campanha dos 35 anos de cria\u00e7\u00e3o do Tocantins.<\/p>\n\n\n\n<p>O Governador ressaltou a import\u00e2ncia da aproxima\u00e7\u00e3o com a comunidade para ouvir as demandas locais e reafirmou o compromisso de interliga\u00e7\u00e3o da regi\u00e3o por meio de rodovias de qualidade.&#8221; A popula\u00e7\u00e3o pode contar conosco, porque somos um Governo de resultados&#8221;, frisou Wanderlei Barbosa, anunciando a autoriza\u00e7\u00e3o ao Naturatins para emiss\u00e3o da licen\u00e7a ambiental para o trecho rodovi\u00e1rio que liga o povoado de Mumbuca \u00e0 comunidade Boa Esperan\u00e7a. &#8220;Queremos proporcionar essa condi\u00e7\u00e3o de mobilidade mais r\u00e1pida para a popula\u00e7\u00e3o local e favorecer muito mais o turismo na regi\u00e3o do Jalap\u00e3o.<\/p>\n\n\n\n<p>O secret\u00e1rio de Estado do Turismo, Hercy Filho, ressaltou que pela primeira vez o povoado Mumbuca contou com uma estrutura para a Festa da Colheita do Capim-Dourado \u00e0 altura do povo do Jalap\u00e3o. &#8220;A estrutura deste ano consolidou a festa como um destino tamb\u00e9m para os turistas&#8221;, salientou o secret\u00e1rio, ressaltando o trabalho realizado pelo Estado para estruturar os destinos tur\u00edsticos e formar o maior corredor tur\u00edstico do Brasil.<\/p>\n\n\n\n<p><strong>Festa da Colheita<\/strong><\/p>\n\n\n\n<p>A festa marcou o in\u00edcio da colheita do capim-dourado, quando a comunidade celebra a haste que deu a ela notoriedade e renda durante todo o ano. A Festa da Colheita do Capim-Dourado foi promovida pela Associa\u00e7\u00e3o dos Artes\u00e3os do Povoado Mumbuca, com apoio do Governo do Tocantins, e atraiu visitantes que tiveram a oportunidade de conhecer a cultura, as tradi\u00e7\u00f5es e verificar como se d\u00e1 o processo de produ\u00e7\u00e3o do artesanato de capim-dourado.<\/p>\n\n\n\n<p>A programa\u00e7\u00e3o teve in\u00edcio na sexta-feira, 15, e encerrou nesse domingo, 17, com mesa de debates de temas como manejo do fogo e do capim-dourado e a import\u00e2ncia do turismo de base comunit\u00e1ria para Mumbuca, al\u00e9m de maratonas, torneio de futebol, cavalgada, cultos religiosos, corrida de cavalos, mesa redonda e apresenta\u00e7\u00f5es culturais, desfiles, roda de conversa e outras atra\u00e7\u00f5es. O ponto alto do evento foi a colheita simb\u00f3lica do capim-dourado e o desfile de moda com adornos em capim-dourado. O encerramento da programa\u00e7\u00e3o contou com show gospel com a dupla Daniel e Samuel.<\/p>\n\n\n\n<p>O prefeito de Mateiros, pastor Jo\u00e3o Martins, destacou o crescimento da estrutura da festa.&#8221;Este ano tudo est\u00e1 diferente. Pela primeira vez, contamos com uma estrutura deste porte e gra\u00e7as a este apoio do Governo do Tocantins tivemos muitos turistas e visitantes. O governador Wanderlei Barbosa abra\u00e7ou o Jalap\u00e3o porque entende a import\u00e2ncia da regi\u00e3o para o Tocantins e para o Brasil&#8221;, destacou o prefeito.<\/p>\n\n\n\n<p>&#8220;O capim-dourado para n\u00f3s \u00e9 vida; ele transformou a vida do nosso povo do Mumbuca e do Tocantins. Ganhou o mundo com dona Mi\u00fada e, hoje, representa a arte e guarda essa tradi\u00e7\u00e3o deixada pelos nossos antepassados, guardada com muito carinho, que agora representa tamb\u00e9m a nossa sobreviv\u00eancia; \u00e9 o cora\u00e7\u00e3o da nossa economia, cora\u00e7\u00e3o da nossa cultura&#8221;, ressaltou a diretora-executiva da Associa\u00e7\u00e3o de Artes\u00e3os e Extrativistas do Povoado do Mumbuca, Railane Ribeiro.<\/p>\n\n\n\n<p>No\u00eamia Ribeiro, mas conhecida como doutora, filha de dona Mi\u00fada, al\u00e9m de moradora mais antiga do lugar, \u00e9 uma das personagens mais conhecidas na comunidade e n\u00e3o mede palavras para enaltecer a import\u00e2ncia do capim-dourado para o povoado. &#8221; Com o capim-dourado e o trabalho da minha m\u00e3e, n\u00f3s conhecemos muitos lugares e nossa arte, hoje, \u00e9 conhecida no mundo inteiro&#8221;.<\/p>\n\n\n\n<p>A secret\u00e1ria de Estado dos Povos Origin\u00e1rios e Tradicionais, Narubia Werreria, destacou a Festa da Colheita do Capim-Dourado como um exemplo para as demais comunidades. &#8220;Um evento desse \u00e9 \u00fanico e exemplo para todas as comunidades dos povos tradicionais e \u00e9 muito importante a presen\u00e7a do governador Wanderlei Barbosa. \u00c9 uma demonstra\u00e7\u00e3o de comprometimento com as nossas ra\u00edzes, com a beleza cultural, com o fortalecimento de tudo que \u00e9 nosso, povos tradicionais, quilombolas e ind\u00edgenas. Essa festa \u00e9 s\u00edmbolo, mostra toda a for\u00e7a e a resist\u00eancia do povo quilombola&#8221;.<\/p>\n\n\n\n<p><strong>Capim-dourado<\/strong><\/p>\n\n\n\n<p>Apesar do nome, o capim-dourado n\u00e3o \u00e9 um capim, pois n\u00e3o pertence \u00e0 fam\u00edlia das gram\u00edneas. A haste dourada com uma pequena flor branca no topo \u00e9, na verdade, da fam\u00edlia das sempre-vivas. Considerado uma das preciosidades do Tocantins, o capim-dourado brota em outros estados do Brasil, onde h\u00e1 incid\u00eancia do bioma Cerrado: Mato Grosso, Mato Grosso do Sul, Minas Gerais, Goi\u00e1s, Distrito Federal e Bahia. O capim-dourado constitui a principal mat\u00e9ria-prima para a confec\u00e7\u00e3o de bolsas, bijuterias e objetos de decora\u00e7\u00e3o feitos por artes\u00e3os, principalmente os quilombolas que residem na \u00c1rea de Prote\u00e7\u00e3o Ambiental do Jalap\u00e3o. Foram os artes\u00e3os do povoado Mumbuca que tornaram a produ\u00e7\u00e3o de pe\u00e7as em capim-dourado famosas pela beleza e conhecidas em todo o Brasil e no exterior.<\/p>\n\n\n\n<p>O Instituto Natureza do Tocantins (Naturatins) fiscaliza e monitora a regi\u00e3o para evitar que poss\u00edveis inc\u00eandios ou queimadas ilegais cheguem at\u00e9 os campos de capim-dourado e tamb\u00e9m para evitar a colheita clandestina. Outra regra que precisa ser observada pelos coletores do capim-dourado \u00e9 que as hastes n\u00e3o podem sair&nbsp;<em>in natura<\/em>&nbsp;da regi\u00e3o, apenas em forma de artesanato. A partir do dia 20 de setembro, a colheita estar\u00e1 liberada pelo Naturatins \u00e0queles que contam com a carteira para esta finalidade.<\/p>\n\n\n\n<p><strong>Posto de Sa\u00fade<\/strong><\/p>\n\n\n\n<p>O governador Wanderlei Barbosa tamb\u00e9m participou, nesse domingo, 17, da inaugura\u00e7\u00e3o do Posto de Sa\u00fade da Comunidade Mumbuca Laurentina Ribeiro Matos, constru\u00edda com recursos da Prefeitura de Mateiros. Durante o evento, o Governador reafirmou o compromisso de disponibilizar uma ambul\u00e2ncia para a unidade de sa\u00fade.<\/p>\n\n\n\n<p><strong>Anivers\u00e1rio do Tocantins<\/strong><\/p>\n\n\n\n<p>Durante a programa\u00e7\u00e3o na regi\u00e3o do Jalap\u00e3o, o governador Wanderlei Barbosa convidou a comunidade para participar das comemora\u00e7\u00f5es dos 35 anos de cria\u00e7\u00e3o do estado do Tocantins e anunciou os artistas que v\u00e3o celebrar a festa, em Palmas: Anavit\u00f3ria; Maiara e Maraisa; Evoney Fernandes; Rick e Renner; Lauana Prado; e Flaguim Moral.<\/p>\n\n\n\n<p><img src=\"https:\/\/central.to.gov.br\/image\/347217?w=670&amp;h=383\"><\/p>\n\n\n\n<p>Prefeito de Mateiros, pastor Jo\u00e3o Martins, destacou o crescimento da estrutura da festa &#8211; Esequias Ara\u00fajo\/Governo do Tocantins\u00a0<\/p>\n\n\n\n<p><img src=\"https:\/\/central.to.gov.br\/image\/347216?w=670&amp;h=383\"><\/p>\n\n\n\n<p>Programa\u00e7\u00e3o desse domingo, 17, em Mateiros, contou tamb\u00e9m com a inaugura\u00e7\u00e3o do Posto de Sa\u00fade da Comunidade Mumbuca Laurentina Ribeiro Matos, com a presen\u00e7a do Governador &#8211; Esequias Ara\u00fajo\/Governo do Tocantins\u00a0<\/p>\n\n\n\n<p><img src=\"https:\/\/central.to.gov.br\/image\/347215?w=670&amp;h=383\"><\/p>\n\n\n\n<p>Presidente da Associa\u00e7\u00e3o dos Artes\u00f5es \u00e9 Extrativistas do Povoado Mumbuca, Railane Ribeiro, ressaltou que o capim-dourado transformou a vida do povo do Mumbuca e do Tocantins &#8211; Esequias Ara\u00fajo\/Governo do Tocantins<\/p>\n\n\n\n<p><img src=\"https:\/\/central.to.gov.br\/image\/347214?w=670&amp;h=383\"><\/p>\n\n\n\n<p>Dona No\u00eamia Ribeiro destacou que, com o capim-dourado e o trabalho de sua m\u00e3e, dona Mi\u00fada, a comunidade ficou conhecida em todo o Brasil &#8211; Esequias Ara\u00fajo\/Governo do Tocantins\u00a0<\/p>\n\n\n\n<p><img src=\"https:\/\/central.to.gov.br\/image\/347213?w=670&amp;h=383\"><\/p>\n\n\n\n<p>Narubia Werreria destacou que a festa \u00e9 um exemplo para as demais comunidades &#8211; Esequias Ara\u00fajo\/Governo do Tocantins\u00a0<\/p>\n\n\n\n<p><img src=\"https:\/\/central.to.gov.br\/image\/347211?w=670&amp;h=383\"><\/p>\n\n\n\n<p>Capim-dourado constitui a principal mat\u00e9ria-prima para a confec\u00e7\u00e3o de bolsas, bijuterias e objetos de decora\u00e7\u00e3o feitos por artes\u00e3os &#8211; Esequias Ara\u00fajo\/Governo do Tocantins\u00a0<\/p>\n\n\n\n<p><img src=\"https:\/\/central.to.gov.br\/image\/347209?w=670&amp;h=383\"><\/p>\n\n\n\n<p>Wanderlei Barbosa participou, nesse domingo, 17, da inaugura\u00e7\u00e3o do Posto de Sa\u00fade da Comunidade Mumbuca Laurentina Ribeiro Matos &#8211; Esequias Ara\u00fajo\/Governo do Tocantins\u00a0<\/p>\n\n\n\n<p><img src=\"https:\/\/central.to.gov.br\/image\/347204?w=670&amp;h=383\"><\/p>\n\n\n\n<p>Governador Wanderlei Barbosa, secret\u00e1rio do Turismo, Hercy Filho; e o prefeito de Mateiros, pastor Jo\u00e3o Martins, lan\u00e7am o Selo Comemorativo Tocantins 35 anos &#8211; Esequias Ara\u00fajo\/Governo do Tocantins&nbsp;<\/p>\n","protected":false},"excerpt":{"rendered":"<p>O governador Wanderlei Barbosa, acompanhado da primeira-dama Karynne Sotero, lan\u00e7ou nesse domingo, 17, o selo comemorativo dos 35 anos do estado do Tocantins, no povoado Mumbuca, a 32 km da cidade de Mateiros, na regi\u00e3o do Jalap\u00e3o, onde prestigiou a Festa da Colheita do Capim-Dourado e participou da inaugura\u00e7\u00e3o do posto de sa\u00fade local. O [&hellip;]<\/p>\n","protected":false},"author":2,"featured_media":17110,"comment_status":"open","ping_status":"open","sticky":false,"template":"","format":"standard","meta":[],"categories":[3],"tags":[13],"_links":{"self":[{"href":"https:\/\/dgospel.com.br\/portal\/index.php\/wp-json\/wp\/v2\/posts\/17109"}],"collection":[{"href":"https:\/\/dgospel.com.br\/portal\/index.php\/wp-json\/wp\/v2\/posts"}],"about":[{"href":"https:\/\/dgospel.com.br\/portal\/index.php\/wp-json\/wp\/v2\/types\/post"}],"author":[{"embeddable":true,"href":"https:\/\/dgospel.com.br\/portal\/index.php\/wp-json\/wp\/v2\/users\/2"}],"replies":[{"embeddable":true,"href":"https:\/\/dgospel.com.br\/portal\/index.php\/wp-json\/wp\/v2\/comments?post=17109"}],"version-history":[{"count":1,"href":"https:\/\/dgospel.com.br\/portal\/index.php\/wp-json\/wp\/v2\/posts\/17109\/revisions"}],"predecessor-version":[{"id":17111,"href":"https:\/\/dgospel.com.br\/portal\/index.php\/wp-json\/wp\/v2\/posts\/17109\/revisions\/17111"}],"wp:featuredmedia":[{"embeddable":true,"href":"https:\/\/dgospel.com.br\/portal\/index.php\/wp-json\/wp\/v2\/media\/17110"}],"wp:attachment":[{"href":"https:\/\/dgospel.com.br\/portal\/index.php\/wp-json\/wp\/v2\/media?parent=17109"}],"wp:term":[{"taxonomy":"category","embeddable":true,"href":"https:\/\/dgospel.com.br\/portal\/index.php\/wp-json\/wp\/v2\/categories?post=17109"},{"taxonomy":"post_tag","embeddable":true,"href":"https:\/\/dgospel.com.br\/portal\/index.php\/wp-json\/wp\/v2\/tags?post=17109"}],"curies":[{"name":"wp","href":"https:\/\/api.w.org\/{rel}","templated":true}]}}