{"id":17112,"date":"2023-09-18T20:43:16","date_gmt":"2023-09-18T23:43:16","guid":{"rendered":"http:\/\/dgospel.com.br\/portal\/?p=17112"},"modified":"2023-09-18T20:43:18","modified_gmt":"2023-09-18T23:43:18","slug":"governo-do-tocantins-moderniza-servico-de-atendimento-ao-cidadao-com-novo-programa-pronto","status":"publish","type":"post","link":"https:\/\/dgospel.com.br\/portal\/index.php\/2023\/09\/18\/governo-do-tocantins-moderniza-servico-de-atendimento-ao-cidadao-com-novo-programa-pronto\/","title":{"rendered":"Governo do Tocantins moderniza servi\u00e7o de atendimento ao cidad\u00e3o com novo programa PRONTO"},"content":{"rendered":"\n<p>O Governo do Tocantins publicou no&nbsp;<a href=\"https:\/\/doe.to.gov.br\/diario\/4989\/download\">Di\u00e1rio Oficial do Estado (DOE)<\/a>&nbsp;da \u00faltima sexta-feira, 15, uma significativa mudan\u00e7a na legisla\u00e7\u00e3o que institui o Programa de Atendimento ao Cidad\u00e3o, anteriormente conhecido como&nbsp;<em>\u00c9 Pra J\u00e1<\/em>. Essa mudan\u00e7a d\u00e1 origem ao novo&nbsp;<em>Servi\u00e7o de Atendimento ao Cidad\u00e3o<\/em>, que passa a se chamar&nbsp;<em>PRONTO<\/em>. O programa continua vinculado \u00e0 Secretaria de Estado da Administra\u00e7\u00e3o (Secad) e visa aprimorar a rela\u00e7\u00e3o entre o governo e os cidad\u00e3os, buscando modernizar a m\u00e1quina administrativa e melhorar o acesso do p\u00fablico aos servi\u00e7os oferecidos com a amplia\u00e7\u00e3o do n\u00famero de unidades pelo Tocantins.<\/p>\n\n\n\n<p>\u201cA mudan\u00e7a na lei visa tornar a administra\u00e7\u00e3o p\u00fablica mais \u00e1gil e eficiente, garantindo um acesso mais amplo do cidad\u00e3o \u00e0s informa\u00e7\u00f5es e aos servi\u00e7os p\u00fablicos. Com a essa moderniza\u00e7\u00e3o proposta, esperamos simplificar os processos burocr\u00e1ticos, tornando os servi\u00e7os mais acess\u00edveis para o maior n\u00famero de pessoas em todo o Estado\u201d, explicou o secret\u00e1rio de Estado da Administra\u00e7\u00e3o, Paulo C\u00e9sar Benfica.<\/p>\n\n\n\n<p><strong>Centraliza\u00e7\u00e3o dos servi\u00e7os<\/strong><\/p>\n\n\n\n<p>Uma das marcas mais not\u00e1veis do&nbsp;<em>PRONTO<\/em>&nbsp;\u00e9 a concentra\u00e7\u00e3o de diversos servi\u00e7os p\u00fablicos em um \u00fanico espa\u00e7o f\u00edsico. Isso significa que os cidad\u00e3os podem acessar servi\u00e7os governamentais de forma mais conveniente, evitando a necessidade de percorrer m\u00faltiplos locais para resolver suas demandas.<\/p>\n\n\n\n<p>A nova legisla\u00e7\u00e3o coloca em foco a presta\u00e7\u00e3o de atendimento ao cidad\u00e3o com qualidade e conforto. O objetivo \u00e9 garantir que os servi\u00e7os p\u00fablicos sejam oferecidos de forma r\u00e1pida e eficiente, isso inclui a melhoria das instala\u00e7\u00f5es f\u00edsicas, a capacita\u00e7\u00e3o dos servidores p\u00fablicos e o uso de tecnologia para agilizar os processos de atendimento.<\/p>\n\n\n\n<p>\u201cA equipe da Secretaria est\u00e1 empenhada na reestrutura\u00e7\u00e3o das unidades de atendimento, que ser\u00e1 fundamental nesse esfor\u00e7o de moderniza\u00e7\u00e3o e aprimoramento da administra\u00e7\u00e3o p\u00fablica, conforme orienta\u00e7\u00e3o do governador Wanderlei Barbosa, buscando sempre atender as necessidades e as expectativas da popula\u00e7\u00e3o de forma mais satisfat\u00f3ria\u201d, enfatizou o secret\u00e1rio Paulo C\u00e9sar Benfica.<\/p>\n","protected":false},"excerpt":{"rendered":"<p>O Governo do Tocantins publicou no&nbsp;Di\u00e1rio Oficial do Estado (DOE)&nbsp;da \u00faltima sexta-feira, 15, uma significativa mudan\u00e7a na legisla\u00e7\u00e3o que institui o Programa de Atendimento ao Cidad\u00e3o, anteriormente conhecido como&nbsp;\u00c9 Pra J\u00e1. Essa mudan\u00e7a d\u00e1 origem ao novo&nbsp;Servi\u00e7o de Atendimento ao Cidad\u00e3o, que passa a se chamar&nbsp;PRONTO. O programa continua vinculado \u00e0 Secretaria de Estado da [&hellip;]<\/p>\n","protected":false},"author":2,"featured_media":17113,"comment_status":"open","ping_status":"open","sticky":false,"template":"","format":"standard","meta":[],"categories":[3],"tags":[13],"_links":{"self":[{"href":"https:\/\/dgospel.com.br\/portal\/index.php\/wp-json\/wp\/v2\/posts\/17112"}],"collection":[{"href":"https:\/\/dgospel.com.br\/portal\/index.php\/wp-json\/wp\/v2\/posts"}],"about":[{"href":"https:\/\/dgospel.com.br\/portal\/index.php\/wp-json\/wp\/v2\/types\/post"}],"author":[{"embeddable":true,"href":"https:\/\/dgospel.com.br\/portal\/index.php\/wp-json\/wp\/v2\/users\/2"}],"replies":[{"embeddable":true,"href":"https:\/\/dgospel.com.br\/portal\/index.php\/wp-json\/wp\/v2\/comments?post=17112"}],"version-history":[{"count":1,"href":"https:\/\/dgospel.com.br\/portal\/index.php\/wp-json\/wp\/v2\/posts\/17112\/revisions"}],"predecessor-version":[{"id":17114,"href":"https:\/\/dgospel.com.br\/portal\/index.php\/wp-json\/wp\/v2\/posts\/17112\/revisions\/17114"}],"wp:featuredmedia":[{"embeddable":true,"href":"https:\/\/dgospel.com.br\/portal\/index.php\/wp-json\/wp\/v2\/media\/17113"}],"wp:attachment":[{"href":"https:\/\/dgospel.com.br\/portal\/index.php\/wp-json\/wp\/v2\/media?parent=17112"}],"wp:term":[{"taxonomy":"category","embeddable":true,"href":"https:\/\/dgospel.com.br\/portal\/index.php\/wp-json\/wp\/v2\/categories?post=17112"},{"taxonomy":"post_tag","embeddable":true,"href":"https:\/\/dgospel.com.br\/portal\/index.php\/wp-json\/wp\/v2\/tags?post=17112"}],"curies":[{"name":"wp","href":"https:\/\/api.w.org\/{rel}","templated":true}]}}