{"id":17115,"date":"2023-09-18T20:45:44","date_gmt":"2023-09-18T23:45:44","guid":{"rendered":"http:\/\/dgospel.com.br\/portal\/?p=17115"},"modified":"2023-09-18T20:45:45","modified_gmt":"2023-09-18T23:45:45","slug":"festa-da-colheita-naturatins-entrega-53-licencas-para-coleta-manejo-e-transporte-do-capim-dourado","status":"publish","type":"post","link":"https:\/\/dgospel.com.br\/portal\/index.php\/2023\/09\/18\/festa-da-colheita-naturatins-entrega-53-licencas-para-coleta-manejo-e-transporte-do-capim-dourado\/","title":{"rendered":"Festa da Colheita: Naturatins entrega 53 licen\u00e7as para coleta, manejo e transporte do capim-dourado"},"content":{"rendered":"\n<p>A libera\u00e7\u00e3o para a coleta das hastes do capim-dourado come\u00e7a nesta quarta-feira, 20, e segue at\u00e9 o dia 30 de novembro. O per\u00edodo \u00e9 regulamentado pela Lei n\u00b0 3.594 de 2019, que institui a Pol\u00edtica Estadual de Uso Sustent\u00e1vel do Capim-Dourado e do Buriti. Para celebrar a ocasi\u00e3o, a Comunidade Quilombola Mumbuca promoveu, entre os dias 15 e 17 de setembro, a Festa da Colheita.<\/p>\n\n\n\n<p>Durante o evento, o presidente do Instituto Natureza do Tocantins (Naturatins), Renato Jayme, entregou 53 licen\u00e7as de autoriza\u00e7\u00e3o para coleta, manejo e transporte da esp\u00e9cie. Foram 35 licen\u00e7as para a Comunidade Quilombola Mumbuca e 18 para a Boa Esperan\u00e7a. As demais carteirinhas requeridas pelas associa\u00e7\u00f5es ser\u00e3o entregues posteriormente pelas equipes da institui\u00e7\u00e3o.<\/p>\n\n\n\n<p>Na oportunidade, o presidente do Naturatins expressou sua satisfa\u00e7\u00e3o em realizar a entrega de um documento t\u00e3o importante para as fam\u00edlias envolvidas na cadeia produtiva do capim-dourado. \u201cA licen\u00e7a \u00e9 fundamental, dada a sua import\u00e2ncia para a subsist\u00eancia de fam\u00edlias de artes\u00e3os. \u00c9 uma forma de evitar a coleta ilegal, reduzir a biopirataria e assegurar a preserva\u00e7\u00e3o da esp\u00e9cie, garantindo assim, uma condi\u00e7\u00e3o de sustentabilidade econ\u00f4mica e social para as comunidades tradicionais, origin\u00e1rias e todos os envolvidos nessa cadeira de produ\u00e7\u00e3o\u201d, destacou.<\/p>\n\n\n\n<p>Realizada pela Associa\u00e7\u00e3o da Comunidade Quilombola Mumbuca h\u00e1 mais de dez anos, a festa contou com o apoio do Governo do Tocantins e de diversos parceiros. Para a presidente da Associa\u00e7\u00e3o, Railane Ribeiro da Silva, \u00e9 um momento de agradecer a Deus e tamb\u00e9m o apoio de todos os envolvidos. \u201cA festa \u00e9 uma forma de gratid\u00e3o, uma celebra\u00e7\u00e3o a Deus pela coleta do capim-dourado, que logo se aproxima. Por cada pessoa e institui\u00e7\u00e3o que aqui est\u00e1 nos ajudando, por meio desse evento, a manter viva nossa hist\u00f3ria e preservar a nossa cultura\u201d, ressaltou.<\/p>\n\n\n\n<p>&nbsp;<strong>Desfile<\/strong><\/p>\n\n\n\n<p>A programa\u00e7\u00e3o da noite de s\u00e1bado, 16, foi marcada pelo momento em que crian\u00e7as, adolescentes e adultos desfilaram com pe\u00e7as de capim-dourado confeccionadas pelas artes\u00e3s locais, revelando a riqueza cultural de uma hist\u00f3ria de luta e resili\u00eancia, que transcende fronteiras e transformou a vida de cada comunidade, por meio do artesanato.&nbsp;&nbsp;<\/p>\n\n\n\n<p>\u201cNosso trabalho, hoje, \u00e9 conhecido mundo afora. Para mim, isso \u00e9 motivo de muita alegria, porque o capim-dourado faz parte da nossa cultura, nosso modo de viver. \u00c9 a nossa vida, nossa alegria \u00e9 p\u00e3o na mesa. E essa festa representa a nossa luta para manter viva nossa hist\u00f3ria e a mem\u00f3ria daqueles que deram in\u00edcio a tudo isso\u201d, revelou Noemi Ribeiro, tamb\u00e9m conhecida como Doutora, ao lembrar de sua m\u00e3e, dona Mi\u00fada, precursora da arte do capim- dourado.<\/p>\n\n\n\n<p>A matriarca tamb\u00e9m foi lembrada por sua neta, Railane Ribeiro. \u201c\u00c9 motivo de orgulho pertencer a esse povo e por ser neta de dona Mi\u00fada, que levou ao mundo o conhecimento da arte produzida a partir do capim-dourado\u201d, destacou.<\/p>\n\n\n\n<p>Composto por cinco modelos, o desfile de encerramento contou com o apoio da Secretaria de Estado da Cultura (Secult) na cole\u00e7\u00e3o\u00a0<em>Ouro do Cerrado<\/em>, assinada pelo estilista Luiz Fernando Carvalho e produzida pelas artes\u00e3s da comunidade Mumbuca. A programa\u00e7\u00e3o do dia contou com cavalgada, jogos de futebol e oficinas.\u00a0<\/p>\n\n\n\n<p><img src=\"https:\/\/central.to.gov.br\/image\/347338?w=670&amp;h=383\"><\/p>\n\n\n\n<p>O desfile de encerramento apresentou a cole\u00e7\u00e3o Ouro do Cerrado, assinada pelo estilista Luiz Fernando Carvalho (esq\/dir) &#8211; Andr\u00e9a Marques Paz\/Governo do Tocantins\u00a0<\/p>\n\n\n\n<p><img src=\"https:\/\/central.to.gov.br\/image\/347339?w=670&amp;h=383\"><\/p>\n\n\n\n<p>Naturatins esteve presente na realiza\u00e7\u00e3o da Festa da Colheita &#8211; Andr\u00e9a Marques Paz\/Governo do Tocantins\u00a0<\/p>\n\n\n\n<p><img src=\"https:\/\/central.to.gov.br\/image\/347340?w=670&amp;h=383\"><\/p>\n\n\n\n<p>As crian\u00e7as encantaram a plateia em desfile da Festa da Colheita &#8211; Andr\u00e9a Marques Paz\/Governo do Tocantins\u00a0<\/p>\n\n\n\n<p><img src=\"https:\/\/central.to.gov.br\/image\/347341?w=670&amp;h=383\"><\/p>\n\n\n\n<p>Crian\u00e7as, adolescentes e adultos desfilaram com pe\u00e7as de capim-dourado, confeccionadas pelas artes\u00e3s locais &#8211; Andr\u00e9a Marques Paz\/Governo do Tocantins\u00a0<\/p>\n\n\n\n<p><img src=\"https:\/\/central.to.gov.br\/image\/347348?w=670&amp;h=383\"><\/p>\n\n\n\n<p>Dona Noemi Ribeiro, conhecida como Doutora, tamb\u00e9m brilhou na passarela da Festa da Colheita &#8211; Andr\u00e9a Marques Paz\/Governo do Tocantins&nbsp;<\/p>\n","protected":false},"excerpt":{"rendered":"<p>A libera\u00e7\u00e3o para a coleta das hastes do capim-dourado come\u00e7a nesta quarta-feira, 20, e segue at\u00e9 o dia 30 de novembro. O per\u00edodo \u00e9 regulamentado pela Lei n\u00b0 3.594 de 2019, que institui a Pol\u00edtica Estadual de Uso Sustent\u00e1vel do Capim-Dourado e do Buriti. Para celebrar a ocasi\u00e3o, a Comunidade Quilombola Mumbuca promoveu, entre os [&hellip;]<\/p>\n","protected":false},"author":2,"featured_media":17116,"comment_status":"open","ping_status":"open","sticky":false,"template":"","format":"standard","meta":[],"categories":[3],"tags":[13],"_links":{"self":[{"href":"https:\/\/dgospel.com.br\/portal\/index.php\/wp-json\/wp\/v2\/posts\/17115"}],"collection":[{"href":"https:\/\/dgospel.com.br\/portal\/index.php\/wp-json\/wp\/v2\/posts"}],"about":[{"href":"https:\/\/dgospel.com.br\/portal\/index.php\/wp-json\/wp\/v2\/types\/post"}],"author":[{"embeddable":true,"href":"https:\/\/dgospel.com.br\/portal\/index.php\/wp-json\/wp\/v2\/users\/2"}],"replies":[{"embeddable":true,"href":"https:\/\/dgospel.com.br\/portal\/index.php\/wp-json\/wp\/v2\/comments?post=17115"}],"version-history":[{"count":1,"href":"https:\/\/dgospel.com.br\/portal\/index.php\/wp-json\/wp\/v2\/posts\/17115\/revisions"}],"predecessor-version":[{"id":17117,"href":"https:\/\/dgospel.com.br\/portal\/index.php\/wp-json\/wp\/v2\/posts\/17115\/revisions\/17117"}],"wp:featuredmedia":[{"embeddable":true,"href":"https:\/\/dgospel.com.br\/portal\/index.php\/wp-json\/wp\/v2\/media\/17116"}],"wp:attachment":[{"href":"https:\/\/dgospel.com.br\/portal\/index.php\/wp-json\/wp\/v2\/media?parent=17115"}],"wp:term":[{"taxonomy":"category","embeddable":true,"href":"https:\/\/dgospel.com.br\/portal\/index.php\/wp-json\/wp\/v2\/categories?post=17115"},{"taxonomy":"post_tag","embeddable":true,"href":"https:\/\/dgospel.com.br\/portal\/index.php\/wp-json\/wp\/v2\/tags?post=17115"}],"curies":[{"name":"wp","href":"https:\/\/api.w.org\/{rel}","templated":true}]}}