{"id":17118,"date":"2023-09-18T20:48:31","date_gmt":"2023-09-18T23:48:31","guid":{"rendered":"http:\/\/dgospel.com.br\/portal\/?p=17118"},"modified":"2023-09-18T20:48:32","modified_gmt":"2023-09-18T23:48:32","slug":"autor-de-requerimento-leo-barbosa-entrega-primeira-carteira-de-identificacao-da-pessoa-autista-emitida-pelo-governo-do-to","status":"publish","type":"post","link":"https:\/\/dgospel.com.br\/portal\/index.php\/2023\/09\/18\/autor-de-requerimento-leo-barbosa-entrega-primeira-carteira-de-identificacao-da-pessoa-autista-emitida-pelo-governo-do-to\/","title":{"rendered":"Autor de requerimento, L\u00e9o Barbosa entrega primeira Carteira de Identifica\u00e7\u00e3o da Pessoa Autista emitida pelo Governo do TO"},"content":{"rendered":"\n<p>Autor de requerimento da emiss\u00e3o de documento de identifica\u00e7\u00e3o para autistas no Tocantins, o deputado estadual L\u00e9o Barbosa (Republicanos) participou na manh\u00e3 desta sexta-feira, 15, do evento de lan\u00e7amento da Carteira de Identifica\u00e7\u00e3o da Pessoa com Transtorno do Espectro Autista &#8211; CIPTEA, emitida pela Secretaria de Estado da Sa\u00fade do Tocantins (SES-TO).<\/p>\n\n\n\n<p>Na ocasi\u00e3o estiveram presentes pais, filhos e autoridades, e o parlamentar fez a entrega simb\u00f3lica da primeira carteirinha a um dos beneficiados. O documento tem como objetivo contemplar o cidad\u00e3o em todas as necessidades, prioridade no atendimento e acesso aos servi\u00e7os p\u00fablicos e privados, especialmente nas \u00e1reas da sa\u00fade, educa\u00e7\u00e3o e assist\u00eancia social.<\/p>\n\n\n\n<p>Durante o evento, L\u00e9o destacou a import\u00e2ncia do trabalho que est\u00e1 sendo desenvolvido pela Superintend\u00eancia da Rede de Cuidados \u00e0 Pessoa com Defici\u00eancia do Tocantins. &#8220;Quando n\u00f3s implantamos a Superintend\u00eancia da Pessoa com Defici\u00eancia, a nossa miss\u00e3o era justamente essa, de fazer com que as coisas n\u00e3o vinham acontecendo no Estado, pudesse acontecer. Essa carteirinha significa muita coisa, significa&nbsp;direitos preservados, atendimentos priorit\u00e1rios. Cada um dentro do transtorno tem as suas limita\u00e7\u00f5es, as suas dificuldades e uma forma que n\u00f3s encontramos de fazer a sociedade entender isso, \u00e9 atrav\u00e9s dessa carteira que vai identificar eles&#8221;, disse o deputado.<\/p>\n\n\n\n<p>Barbosa tamb\u00e9m agradeceu e parabenizou a superintendente dra. Rosa Helena Ambr\u00f3sio. &#8220;Quero agradecer a Rosa, por estarmos vendo esse novo momento de acolhimento e desenvolvimento das pol\u00edticas p\u00fablicas para as pessoas com defici\u00eancia. Rosa, assim como eu, tem um autista em casa, ent\u00e3o a gente sabe da nossa luta e poder ver acontecer um momento como esse, \u00e9 bom&#8221;, frisou.<\/p>\n\n\n\n<p><strong>Como solicitar a CIPTEA<\/strong><\/p>\n\n\n\n<p>A emiss\u00e3o da CIPTEA \u00e9 digital e gratuita, e pode ser solicitada pelo site&nbsp;<a href=\"https:\/\/ciptea.saude.to.gov.br\/\" target=\"_blank\" rel=\"noreferrer noopener\">https:\/\/ciptea.saude.to.gov.br\/<\/a>&nbsp;desenvolvido pela Ag\u00eancia de Tecnologia da Informa\u00e7\u00e3o do Tocantins (ATI). Para isso basta acessar a plataforma, preencher o formul\u00e1rio e anexar os seguintes documentos solicitados:&nbsp;<\/p>\n\n\n\n<p>\u2013 Foto 3\u00d74.<\/p>\n\n\n\n<p>\u2013 Comprovante de resid\u00eancia;<\/p>\n\n\n\n<p>\u2013 Documentos pessoais do respons\u00e1vel legal;<\/p>\n\n\n\n<p>\u2013 Documentos pessoais (RG, CPF, Certid\u00e3o de nascimento);<\/p>\n\n\n\n<p>\u2013 Laudo M\u00e9dico ou atestado com indica\u00e7\u00e3o da Classifica\u00e7\u00e3o Estat\u00edstica Internacional de Doen\u00e7as e Problemas Relacionados \u00e0 Sa\u00fade (CID);<\/p>\n\n\n\n<p><strong>Legisla\u00e7\u00e3o<\/strong><\/p>\n\n\n\n<p>A CIPTEA foi institu\u00edda pela Lei Federal Romeo Mion n\u00ba 13.977, de 08 de janeiro de 2020 e de acordo com o Decreto Estadual n\u00ba 6.619 de 24 de abril de 2023.&nbsp;<br><\/p>\n","protected":false},"excerpt":{"rendered":"<p>Autor de requerimento da emiss\u00e3o de documento de identifica\u00e7\u00e3o para autistas no Tocantins, o deputado estadual L\u00e9o Barbosa (Republicanos) participou na manh\u00e3 desta sexta-feira, 15, do evento de lan\u00e7amento da Carteira de Identifica\u00e7\u00e3o da Pessoa com Transtorno do Espectro Autista &#8211; CIPTEA, emitida pela Secretaria de Estado da Sa\u00fade do Tocantins (SES-TO). Na ocasi\u00e3o estiveram [&hellip;]<\/p>\n","protected":false},"author":2,"featured_media":17119,"comment_status":"open","ping_status":"open","sticky":false,"template":"","format":"standard","meta":[],"categories":[8],"tags":[],"_links":{"self":[{"href":"https:\/\/dgospel.com.br\/portal\/index.php\/wp-json\/wp\/v2\/posts\/17118"}],"collection":[{"href":"https:\/\/dgospel.com.br\/portal\/index.php\/wp-json\/wp\/v2\/posts"}],"about":[{"href":"https:\/\/dgospel.com.br\/portal\/index.php\/wp-json\/wp\/v2\/types\/post"}],"author":[{"embeddable":true,"href":"https:\/\/dgospel.com.br\/portal\/index.php\/wp-json\/wp\/v2\/users\/2"}],"replies":[{"embeddable":true,"href":"https:\/\/dgospel.com.br\/portal\/index.php\/wp-json\/wp\/v2\/comments?post=17118"}],"version-history":[{"count":1,"href":"https:\/\/dgospel.com.br\/portal\/index.php\/wp-json\/wp\/v2\/posts\/17118\/revisions"}],"predecessor-version":[{"id":17120,"href":"https:\/\/dgospel.com.br\/portal\/index.php\/wp-json\/wp\/v2\/posts\/17118\/revisions\/17120"}],"wp:featuredmedia":[{"embeddable":true,"href":"https:\/\/dgospel.com.br\/portal\/index.php\/wp-json\/wp\/v2\/media\/17119"}],"wp:attachment":[{"href":"https:\/\/dgospel.com.br\/portal\/index.php\/wp-json\/wp\/v2\/media?parent=17118"}],"wp:term":[{"taxonomy":"category","embeddable":true,"href":"https:\/\/dgospel.com.br\/portal\/index.php\/wp-json\/wp\/v2\/categories?post=17118"},{"taxonomy":"post_tag","embeddable":true,"href":"https:\/\/dgospel.com.br\/portal\/index.php\/wp-json\/wp\/v2\/tags?post=17118"}],"curies":[{"name":"wp","href":"https:\/\/api.w.org\/{rel}","templated":true}]}}