{"id":17124,"date":"2023-09-18T20:56:19","date_gmt":"2023-09-18T23:56:19","guid":{"rendered":"http:\/\/dgospel.com.br\/portal\/?p=17124"},"modified":"2023-09-18T20:56:21","modified_gmt":"2023-09-18T23:56:21","slug":"senadores-preparam-reacao-aos-atropelos-do-stf","status":"publish","type":"post","link":"https:\/\/dgospel.com.br\/portal\/index.php\/2023\/09\/18\/senadores-preparam-reacao-aos-atropelos-do-stf\/","title":{"rendered":"Senadores preparam rea\u00e7\u00e3o aos \u2018atropelos\u2019 do STF"},"content":{"rendered":"\n<p>O Senado busca reagir diante de pautas que est\u00e3o sendo debatidas no Supremo Tribunal Federal (STF), acusando a Corte de ultrapassar as prerrogativas do Congresso. Esta rea\u00e7\u00e3o se intensificou com a Proposta de Emenda \u00e0 Constitui\u00e7\u00e3o (PEC), apresentada pelo presidente do Senado, Rodrigo Pacheco (PSD-MG), para criminalizar a posse ou porte de dr0gas. Paralelamente, h\u00e1 debates no Senado sobre projetos relacionados ao ab0rto, em resposta \u00e0 pauta do STF que pode descriminalizar a pr\u00e1tica em gesta\u00e7\u00f5es de at\u00e9 12 semanas.<\/p>\n\n\n\n<p><a href=\"https:\/\/www.assembleia.pr.leg.br\/assembleia-itinerante\/sugestao-de-melhorias-para-sua-cidade\" target=\"_blank\" rel=\"noreferrer noopener\"><\/a><\/p>\n\n\n\n<p>No antigo Twitter, o senador Eduardo Gir\u00e3o acusou o STF de \u201cativismo judicial\u201d e \u201cmilit\u00e2ncia ideol\u00f3gica\u201d, refor\u00e7ando que o Senado tamb\u00e9m tomar\u00e1 medidas em rela\u00e7\u00e3o ao tema do ab0rto. O senador Jorge Seif (PL-SC) apoiou a PEC de Pacheco nas redes sociais, defendendo a vida e a fam\u00edlia e opondo-se \u00e0 descriminaliza\u00e7\u00e3o das dr0gas. Marcos Rog\u00e9rio (PL-RO), por sua vez, criticou uma recente decis\u00e3o do STF relacionada \u00e0 desapropria\u00e7\u00e3o de terras, argumentando que a decis\u00e3o prejudica a \u201cseguran\u00e7a jur\u00eddica\u201d do pa\u00eds.<\/p>\n\n\n\n<p>Al\u00e9m disso, Rog\u00e9rio \u00e9 relator do PL do Marco Temporal, que discute reivindica\u00e7\u00f5es ind\u00edgenas sobre terras. Embora a maioria dos ministros do STF que j\u00e1 votaram sejam contra o entendimento de Rog\u00e9rio, o julgamento ser\u00e1 retomado em breve. Nos corredores do Senado, h\u00e1 rumores de uma an\u00e1lise urgente sobre esse PL.<\/p>\n\n\n\n<p>Em uma entrevista \u00e0 Jovem Pan News, o senador Izalci Lucas (PSDB-DF) afirmou que o objetivo do Senado \u00e9 enfatizar que certos temas devem ser debatidos pelo Congresso, e n\u00e3o pelo STF. Ele ressaltou que o papel do Supremo \u00e9 cuidar da aplica\u00e7\u00e3o da Constitui\u00e7\u00e3o e n\u00e3o legislar. Lucas ainda mencionou que, antes do julgamento no STF ser retomado, a PEC sobre dr0gas ser\u00e1 aprovada.<\/p>\n","protected":false},"excerpt":{"rendered":"<p>O Senado busca reagir diante de pautas que est\u00e3o sendo debatidas no Supremo Tribunal Federal (STF), acusando a Corte de ultrapassar as prerrogativas do Congresso. Esta rea\u00e7\u00e3o se intensificou com a Proposta de Emenda \u00e0 Constitui\u00e7\u00e3o (PEC), apresentada pelo presidente do Senado, Rodrigo Pacheco (PSD-MG), para criminalizar a posse ou porte de dr0gas. Paralelamente, h\u00e1 [&hellip;]<\/p>\n","protected":false},"author":2,"featured_media":17125,"comment_status":"open","ping_status":"open","sticky":false,"template":"","format":"standard","meta":[],"categories":[4],"tags":[],"_links":{"self":[{"href":"https:\/\/dgospel.com.br\/portal\/index.php\/wp-json\/wp\/v2\/posts\/17124"}],"collection":[{"href":"https:\/\/dgospel.com.br\/portal\/index.php\/wp-json\/wp\/v2\/posts"}],"about":[{"href":"https:\/\/dgospel.com.br\/portal\/index.php\/wp-json\/wp\/v2\/types\/post"}],"author":[{"embeddable":true,"href":"https:\/\/dgospel.com.br\/portal\/index.php\/wp-json\/wp\/v2\/users\/2"}],"replies":[{"embeddable":true,"href":"https:\/\/dgospel.com.br\/portal\/index.php\/wp-json\/wp\/v2\/comments?post=17124"}],"version-history":[{"count":1,"href":"https:\/\/dgospel.com.br\/portal\/index.php\/wp-json\/wp\/v2\/posts\/17124\/revisions"}],"predecessor-version":[{"id":17126,"href":"https:\/\/dgospel.com.br\/portal\/index.php\/wp-json\/wp\/v2\/posts\/17124\/revisions\/17126"}],"wp:featuredmedia":[{"embeddable":true,"href":"https:\/\/dgospel.com.br\/portal\/index.php\/wp-json\/wp\/v2\/media\/17125"}],"wp:attachment":[{"href":"https:\/\/dgospel.com.br\/portal\/index.php\/wp-json\/wp\/v2\/media?parent=17124"}],"wp:term":[{"taxonomy":"category","embeddable":true,"href":"https:\/\/dgospel.com.br\/portal\/index.php\/wp-json\/wp\/v2\/categories?post=17124"},{"taxonomy":"post_tag","embeddable":true,"href":"https:\/\/dgospel.com.br\/portal\/index.php\/wp-json\/wp\/v2\/tags?post=17124"}],"curies":[{"name":"wp","href":"https:\/\/api.w.org\/{rel}","templated":true}]}}