{"id":17127,"date":"2023-09-18T20:59:14","date_gmt":"2023-09-18T23:59:14","guid":{"rendered":"http:\/\/dgospel.com.br\/portal\/?p=17127"},"modified":"2023-09-18T20:59:15","modified_gmt":"2023-09-18T23:59:15","slug":"cgu-aponta-que-gastos-de-lula-com-cartao-corporativo-supera-bolsonaro-temer-e-dilma","status":"publish","type":"post","link":"https:\/\/dgospel.com.br\/portal\/index.php\/2023\/09\/18\/cgu-aponta-que-gastos-de-lula-com-cartao-corporativo-supera-bolsonaro-temer-e-dilma\/","title":{"rendered":"CGU aponta que gastos de Lula com cart\u00e3o corporativo supera Bolsonaro, Temer e Dilma"},"content":{"rendered":"\n<p>Nos primeiros sete meses do seu terceiro mandato, Lula atingiu um recorde de gastos no cart\u00e3o corporativo em compara\u00e7\u00e3o com seus antecessores, revelou uma reportagem da Folha. A soma alcan\u00e7a quase R$ 8 milh\u00f5es, supera as despesas m\u00e9dias mensais de Jair Bolsonaro, Michel Temer e Dilma Rousseff, no mesmo per\u00edodo de seus respectivos mandatos. Os n\u00fameros destacam uma m\u00e9dia mensal de R$ 1,1 milh\u00e3o na gest\u00e3o atual, enquanto as m\u00e9dias de Bolsonaro, Temer e Dilma foram de R$ 1 milh\u00e3o, R$ 584 mil e R$ 905 mil, respectivamente, de acordo com informa\u00e7\u00f5es divulgadas pela Controladoria-Geral da Uni\u00e3o (CGU) e apresentadas pelo Portal da Transpar\u00eancia.<\/p>\n\n\n\n<p><a href=\"https:\/\/www.assembleia.pr.leg.br\/assembleia-itinerante\/sugestao-de-melhorias-para-sua-cidade\" target=\"_blank\" rel=\"noreferrer noopener\"><\/a><\/p>\n\n\n\n<p>Para oferecer um panorama mais detalhado: no comparativo dos sete primeiros meses de gest\u00e3o, Bolsonaro acumulou R$ 5,3 milh\u00f5es em despesas, enquanto Lula registrou cerca de R$ 8 milh\u00f5es. J\u00e1 Temer e Dilma tiveram gastos da ordem de R$ 3,8 milh\u00f5es e R$ 4,9 milh\u00f5es, respectivamente, todos devidamente corrigidos pela infla\u00e7\u00e3o.<\/p>\n\n\n\n<p>O Pal\u00e1cio do Planalto justifica o pico nos gastos citando as 19 viagens internacionais realizadas por Lula durante esse per\u00edodo. O m\u00eas de junho, especificamente, registrou uma cifra not\u00e1vel de quase R$ 2 milh\u00f5es em despesas, coincidindo com visitas de Estado de Lula ao Jap\u00e3o e \u00e0 It\u00e1lia, al\u00e9m de sua presen\u00e7a na coroa\u00e7\u00e3o do rei Charles III na Inglaterra.<\/p>\n","protected":false},"excerpt":{"rendered":"<p>Nos primeiros sete meses do seu terceiro mandato, Lula atingiu um recorde de gastos no cart\u00e3o corporativo em compara\u00e7\u00e3o com seus antecessores, revelou uma reportagem da Folha. A soma alcan\u00e7a quase R$ 8 milh\u00f5es, supera as despesas m\u00e9dias mensais de Jair Bolsonaro, Michel Temer e Dilma Rousseff, no mesmo per\u00edodo de seus respectivos mandatos. Os [&hellip;]<\/p>\n","protected":false},"author":2,"featured_media":17128,"comment_status":"open","ping_status":"open","sticky":false,"template":"","format":"standard","meta":[],"categories":[10],"tags":[],"_links":{"self":[{"href":"https:\/\/dgospel.com.br\/portal\/index.php\/wp-json\/wp\/v2\/posts\/17127"}],"collection":[{"href":"https:\/\/dgospel.com.br\/portal\/index.php\/wp-json\/wp\/v2\/posts"}],"about":[{"href":"https:\/\/dgospel.com.br\/portal\/index.php\/wp-json\/wp\/v2\/types\/post"}],"author":[{"embeddable":true,"href":"https:\/\/dgospel.com.br\/portal\/index.php\/wp-json\/wp\/v2\/users\/2"}],"replies":[{"embeddable":true,"href":"https:\/\/dgospel.com.br\/portal\/index.php\/wp-json\/wp\/v2\/comments?post=17127"}],"version-history":[{"count":1,"href":"https:\/\/dgospel.com.br\/portal\/index.php\/wp-json\/wp\/v2\/posts\/17127\/revisions"}],"predecessor-version":[{"id":17129,"href":"https:\/\/dgospel.com.br\/portal\/index.php\/wp-json\/wp\/v2\/posts\/17127\/revisions\/17129"}],"wp:featuredmedia":[{"embeddable":true,"href":"https:\/\/dgospel.com.br\/portal\/index.php\/wp-json\/wp\/v2\/media\/17128"}],"wp:attachment":[{"href":"https:\/\/dgospel.com.br\/portal\/index.php\/wp-json\/wp\/v2\/media?parent=17127"}],"wp:term":[{"taxonomy":"category","embeddable":true,"href":"https:\/\/dgospel.com.br\/portal\/index.php\/wp-json\/wp\/v2\/categories?post=17127"},{"taxonomy":"post_tag","embeddable":true,"href":"https:\/\/dgospel.com.br\/portal\/index.php\/wp-json\/wp\/v2\/tags?post=17127"}],"curies":[{"name":"wp","href":"https:\/\/api.w.org\/{rel}","templated":true}]}}