{"id":17130,"date":"2023-09-18T21:01:38","date_gmt":"2023-09-19T00:01:38","guid":{"rendered":"http:\/\/dgospel.com.br\/portal\/?p=17130"},"modified":"2023-09-18T21:01:39","modified_gmt":"2023-09-19T00:01:39","slug":"governo-lula-destina-orcamento-recorde-para-publicidade-em-2024","status":"publish","type":"post","link":"https:\/\/dgospel.com.br\/portal\/index.php\/2023\/09\/18\/governo-lula-destina-orcamento-recorde-para-publicidade-em-2024\/","title":{"rendered":"Governo Lula destina or\u00e7amento recorde para publicidade em 2024"},"content":{"rendered":"\n<p>O presidente Lula tem planos de alocar um montante sem precedentes em publicidade oficial para 2024, ano em que ocorrer\u00e3o as elei\u00e7\u00f5es municipais. O Or\u00e7amento de 2024 prev\u00ea um investimento de R$ 647 milh\u00f5es, um salto consider\u00e1vel se comparado aos R$ 359 milh\u00f5es de 2023.<\/p>\n\n\n\n<p><a href=\"https:\/\/www.assembleia.pr.leg.br\/assembleia-itinerante\/sugestao-de-melhorias-para-sua-cidade\" target=\"_blank\" rel=\"noreferrer noopener\"><\/a><\/p>\n\n\n\n<p>Conforme reportagem da Folha de S. Paulo, essa quantia \u00e9 a mais alta em duas d\u00e9cadas, ao considerarmos o que foi alocado para publicidade institucional da Presid\u00eancia desde 2004.<\/p>\n\n\n\n<p>O desempenho do PT nas elei\u00e7\u00f5es municipais de 2024 \u00e9 estrat\u00e9gico, especialmente ap\u00f3s o partido ter visto uma queda not\u00e1vel no n\u00famero de prefeituras sob seu comando em 2020.<\/p>\n\n\n\n<p>A Secretaria de Comunica\u00e7\u00e3o Social (Secom), sob a lideran\u00e7a de Paulo Pimenta, esclareceu que a verba ser\u00e1 usada para destacar as iniciativas do governo que favorecem os cidad\u00e3os, bem como para investir em comunica\u00e7\u00e3o interna e combater informa\u00e7\u00f5es falsas. Contudo, a Secom n\u00e3o comentou sobre uma eventual liga\u00e7\u00e3o entre a verba e as pr\u00f3ximas elei\u00e7\u00f5es municipais.<\/p>\n\n\n\n<p>Nos primeiros semestres de sua gest\u00e3o, Lula priorizou a publicidade televisiva, canalizando 73% dos fundos para este meio. Em contraste, durante o mandato de Jair Bolsonaro, a TV recebeu 47% da verba de propaganda oficial.<\/p>\n","protected":false},"excerpt":{"rendered":"<p>O presidente Lula tem planos de alocar um montante sem precedentes em publicidade oficial para 2024, ano em que ocorrer\u00e3o as elei\u00e7\u00f5es municipais. O Or\u00e7amento de 2024 prev\u00ea um investimento de R$ 647 milh\u00f5es, um salto consider\u00e1vel se comparado aos R$ 359 milh\u00f5es de 2023. Conforme reportagem da Folha de S. Paulo, essa quantia \u00e9 [&hellip;]<\/p>\n","protected":false},"author":2,"featured_media":17131,"comment_status":"open","ping_status":"open","sticky":false,"template":"","format":"standard","meta":[],"categories":[4],"tags":[],"_links":{"self":[{"href":"https:\/\/dgospel.com.br\/portal\/index.php\/wp-json\/wp\/v2\/posts\/17130"}],"collection":[{"href":"https:\/\/dgospel.com.br\/portal\/index.php\/wp-json\/wp\/v2\/posts"}],"about":[{"href":"https:\/\/dgospel.com.br\/portal\/index.php\/wp-json\/wp\/v2\/types\/post"}],"author":[{"embeddable":true,"href":"https:\/\/dgospel.com.br\/portal\/index.php\/wp-json\/wp\/v2\/users\/2"}],"replies":[{"embeddable":true,"href":"https:\/\/dgospel.com.br\/portal\/index.php\/wp-json\/wp\/v2\/comments?post=17130"}],"version-history":[{"count":1,"href":"https:\/\/dgospel.com.br\/portal\/index.php\/wp-json\/wp\/v2\/posts\/17130\/revisions"}],"predecessor-version":[{"id":17132,"href":"https:\/\/dgospel.com.br\/portal\/index.php\/wp-json\/wp\/v2\/posts\/17130\/revisions\/17132"}],"wp:featuredmedia":[{"embeddable":true,"href":"https:\/\/dgospel.com.br\/portal\/index.php\/wp-json\/wp\/v2\/media\/17131"}],"wp:attachment":[{"href":"https:\/\/dgospel.com.br\/portal\/index.php\/wp-json\/wp\/v2\/media?parent=17130"}],"wp:term":[{"taxonomy":"category","embeddable":true,"href":"https:\/\/dgospel.com.br\/portal\/index.php\/wp-json\/wp\/v2\/categories?post=17130"},{"taxonomy":"post_tag","embeddable":true,"href":"https:\/\/dgospel.com.br\/portal\/index.php\/wp-json\/wp\/v2\/tags?post=17130"}],"curies":[{"name":"wp","href":"https:\/\/api.w.org\/{rel}","templated":true}]}}