{"id":17133,"date":"2023-09-18T22:47:16","date_gmt":"2023-09-19T01:47:16","guid":{"rendered":"http:\/\/dgospel.com.br\/portal\/?p=17133"},"modified":"2023-09-18T22:47:18","modified_gmt":"2023-09-19T01:47:18","slug":"evangelismo-de-rua-vira-caso-de-racismo-religioso-no-maranhao","status":"publish","type":"post","link":"https:\/\/dgospel.com.br\/portal\/index.php\/2023\/09\/18\/evangelismo-de-rua-vira-caso-de-racismo-religioso-no-maranhao\/","title":{"rendered":"Evangelismo de rua vira caso de racismo religioso no Maranh\u00e3o"},"content":{"rendered":"\n<p>A Igreja Assembleia de Deus em S\u00e3o Lu\u00eds, no Maranh\u00e3o, tem sido alvo de acusa\u00e7\u00f5es de racismo religioso por conta de um evangelismo de rua que irritou integrantes de um terreiro da zona rural da cidade.<\/p>\n\n\n\n<p>No dia 10 de setembro, no bairro Itapera de Maracan\u00e3, o grupo de evang\u00e9licos orava pelas ruas quando um membro da igreja teve a oportunidade de fazer uma ora\u00e7\u00e3o no microfone.<\/p>\n\n\n\n<p>O homem faz uma ora\u00e7\u00e3o de liberta\u00e7\u00e3o e diz algumas palavras que est\u00e3o sendo consideradas como discurso de \u00f3dio e racismo religioso.<\/p>\n\n\n\n<p>\u2013 Vai, entrando, eu te pe\u00e7o, liberta Senhor, cachaceiro, maconheiro, macumbeiro, Senhor \u2013 orou o homem.<\/p>\n\n\n\n<p>O pai de santo, Nery da Oxum, levou o v\u00eddeo de nove segundos com o momento da ora\u00e7\u00e3o para a Pol\u00edcia e fez uma den\u00fancia contra os evang\u00e9licos na Delegacia de Combate a Crimes Raciais e Delitos de Intoler\u00e2ncia e Conflitos Agr\u00e1rios.<\/p>\n\n\n\n<p><strong>PASTOR DIZ QUE N\u00c3O ERA ATAQUE<\/strong><br>O homem que fez a ora\u00e7\u00e3o n\u00e3o \u00e9 pastor, mas o l\u00edder respons\u00e1vel pelo campo, pastor Osiel Gomes, da Assembleia de Deus Miss\u00f5es, explicou para a igreja que o caso n\u00e3o foi um ataque \u00e0s religi\u00f5es de matrizes africanas.<\/p>\n\n\n\n<p>\u2013 N\u00f3s n\u00e3o estamos atacando as cren\u00e7as afros, porque \u00e9 de direito. Mas n\u00f3s tamb\u00e9m n\u00e3o podemos negar que, dentro do exerc\u00edcio de algumas pr\u00e1ticas religiosas, existe a pr\u00e1tica ocultista, aquelas que lan\u00e7am feiti\u00e7os contra as pessoas, maldi\u00e7\u00f5es. Ent\u00e3o, quando um crente vai para a rua, ele n\u00e3o vai para atacar o Candombl\u00e9, ele n\u00e3o vai para atacar aquela pr\u00e1tica de cren\u00e7a, ele vai simplesmente falar do poder de Jesus, que liberta as pessoas \u2013 disse o pastor.<\/p>\n\n\n\n<p><strong>CASO VIRA DISCUSS\u00c3O NA ASSEMBLEIA LEGISLATIVA<\/strong><br>Membros de religi\u00f5es de matriz africana foram para a Assembleia Legislativa do Maranh\u00e3o (Alema) denunciar o caso. Durante a sess\u00e3o da Comiss\u00e3o de Constitui\u00e7\u00e3o e Justi\u00e7a, a deputada estadual Mical Damasceno (PSD) defendeu os evang\u00e9licos.<\/p>\n\n\n\n<p>Enquanto falava, representantes das religi\u00f5es afro viraram as costas para a parlamentar que, mesmo assim, explicou que as a\u00e7\u00f5es de evangelismo acontecem pelas ruas sem que haja um mapeamento para saber se existe ou n\u00e3o uma casa de matriz africana na rua.<\/p>\n\n\n\n<p>Damasceno subiu o tom no discurso, bateu na mesa, gritou e uma grande confus\u00e3o se instalou na sess\u00e3o. Seu microfone chegou a ser desligado pelo presidente da comiss\u00e3o, deputado Carlos Lula (PSB).<\/p>\n\n\n\n<p>Em suas redes sociais, a deputada divulgou parte do discurso e recebeu apoio de eleitores e de outros parlamentares evang\u00e9licos, entre eles o deputado federal Nikolas Ferreira (PL-MG).<\/p>\n\n\n\n<p><strong>Assista:<\/strong><\/p>\n\n\n\n<p><a href=\"https:\/\/www.instagram.com\/reel\/CxLnVV-ONF3\/?utm_source=ig_embed&amp;ig_rid=42b0e1da-71f9-4fb9-9f07-db7d692e3ac3\">https:\/\/www.instagram.com\/reel\/CxLnVV-ONF3\/?utm_source=ig_embed&amp;ig_rid=42b0e1da-71f9-4fb9-9f07-db7d692e3ac3<\/a><\/p>\n","protected":false},"excerpt":{"rendered":"<p>A Igreja Assembleia de Deus em S\u00e3o Lu\u00eds, no Maranh\u00e3o, tem sido alvo de acusa\u00e7\u00f5es de racismo religioso por conta de um evangelismo de rua que irritou integrantes de um terreiro da zona rural da cidade. No dia 10 de setembro, no bairro Itapera de Maracan\u00e3, o grupo de evang\u00e9licos orava pelas ruas quando um [&hellip;]<\/p>\n","protected":false},"author":2,"featured_media":17134,"comment_status":"open","ping_status":"open","sticky":false,"template":"","format":"standard","meta":[],"categories":[5],"tags":[],"_links":{"self":[{"href":"https:\/\/dgospel.com.br\/portal\/index.php\/wp-json\/wp\/v2\/posts\/17133"}],"collection":[{"href":"https:\/\/dgospel.com.br\/portal\/index.php\/wp-json\/wp\/v2\/posts"}],"about":[{"href":"https:\/\/dgospel.com.br\/portal\/index.php\/wp-json\/wp\/v2\/types\/post"}],"author":[{"embeddable":true,"href":"https:\/\/dgospel.com.br\/portal\/index.php\/wp-json\/wp\/v2\/users\/2"}],"replies":[{"embeddable":true,"href":"https:\/\/dgospel.com.br\/portal\/index.php\/wp-json\/wp\/v2\/comments?post=17133"}],"version-history":[{"count":1,"href":"https:\/\/dgospel.com.br\/portal\/index.php\/wp-json\/wp\/v2\/posts\/17133\/revisions"}],"predecessor-version":[{"id":17135,"href":"https:\/\/dgospel.com.br\/portal\/index.php\/wp-json\/wp\/v2\/posts\/17133\/revisions\/17135"}],"wp:featuredmedia":[{"embeddable":true,"href":"https:\/\/dgospel.com.br\/portal\/index.php\/wp-json\/wp\/v2\/media\/17134"}],"wp:attachment":[{"href":"https:\/\/dgospel.com.br\/portal\/index.php\/wp-json\/wp\/v2\/media?parent=17133"}],"wp:term":[{"taxonomy":"category","embeddable":true,"href":"https:\/\/dgospel.com.br\/portal\/index.php\/wp-json\/wp\/v2\/categories?post=17133"},{"taxonomy":"post_tag","embeddable":true,"href":"https:\/\/dgospel.com.br\/portal\/index.php\/wp-json\/wp\/v2\/tags?post=17133"}],"curies":[{"name":"wp","href":"https:\/\/api.w.org\/{rel}","templated":true}]}}