{"id":17139,"date":"2023-09-18T22:56:00","date_gmt":"2023-09-19T01:56:00","guid":{"rendered":"http:\/\/dgospel.com.br\/portal\/?p=17139"},"modified":"2023-09-18T22:56:01","modified_gmt":"2023-09-19T01:56:01","slug":"setembro-amarelo-precisamos-falar-dos-pastores-que-cuidam-mas-nao-sao-cuidados","status":"publish","type":"post","link":"https:\/\/dgospel.com.br\/portal\/index.php\/2023\/09\/18\/setembro-amarelo-precisamos-falar-dos-pastores-que-cuidam-mas-nao-sao-cuidados\/","title":{"rendered":"Setembro Amarelo: precisamos falar dos pastores que cuidam, mas n\u00e3o s\u00e3o cuidados"},"content":{"rendered":"\n<p>Ao longo desta semana, fiz uma s\u00e9rie de publica\u00e7\u00f5es abordando o tema da sa\u00fade mental, e no texto de hoje n\u00e3o ser\u00e1 diferente. O nosso foco aqui, por\u00e9m, ser\u00e1 os cuidados envolvendo \u00e0queles que s\u00e3o respons\u00e1veis por algo que exige extrema responsabilidade, que \u00e9 o minist\u00e9rio pastoral.<\/p>\n\n\n\n<p>Temos visto nos \u00faltimos anos, infelizmente com certa frequ\u00eancia, casos de pastores que tiraram a pr\u00f3pria vida. O nosso objetivo n\u00e3o \u00e9 tratar deste assunto no \u00e2mbito b\u00edblico-teol\u00f3gico, pois isso exigiria um artigo muito amplo que n\u00e3o conv\u00eam ao prop\u00f3sito deste momento.<\/p>\n\n\n\n<p>Trataremos, sim, dos quesitos puramente humanos na lida com cargas emocionais e o psicol\u00f3gico. Sobre isto, listo abaixo tr\u00eas pontos que considero cruciais para entendermos melhor o motivo pelo qual pastores est\u00e3o, aparentemente, adoecendo mais emocionalmente, atualmente, do que no passado.<\/p>\n\n\n\n<p><strong>Mudan\u00e7a de gera\u00e7\u00e3o<\/strong><\/p>\n\n\n\n<p>Cada gera\u00e7\u00e3o carrega consigo um conjunto de transforma\u00e7\u00f5es, podendo ser elas boas ou ruins. Os pastores da gera\u00e7\u00e3o atual, diferentemente de muitos anos atr\u00e1s, est\u00e3o tendo que enfrentar mudan\u00e7as radicais na forma como a sociedade est\u00e1 lidando com temas sobre fam\u00edlia, sexualidade, liberdade e religi\u00e3o.<\/p>\n\n\n\n<p>O que antes, no passado, era ponto passivo, atualmente \u00e9 ponto de discuss\u00e3o e at\u00e9 de acusa\u00e7\u00f5es, podendo gerar puni\u00e7\u00e3o contra os que continuam defendendo os valores b\u00edblicos. Consequentemente, ser um pastor fiel \u00e0 Palavra de Deus na gera\u00e7\u00e3o de hoje exige um desgaste emocional muito grande, porque o pr\u00f3prio ambiente cultural, no qual a Igreja est\u00e1 inserida, vem lutando contra ela, n\u00e3o mais de forma setorizada, mas generalizada.<\/p>\n\n\n\n<p>Quando esses desgastes n\u00e3o s\u00e3o tratados, a sensa\u00e7\u00e3o pode ser de esgotamento, consequentemente frustra\u00e7\u00e3o e outras que v\u00e3o se acumulando ao longo do tempo, minando a sa\u00fade mental do l\u00edder.<\/p>\n\n\n\n<p><strong>Vis\u00e3o deturpada do pastorado<\/strong><\/p>\n\n\n\n<p>Outro ponto que merece muita aten\u00e7\u00e3o diz mais respeito \u00e0 Igreja, porque \u00e9 o modo como alguns de n\u00f3s, crist\u00e3os, enxergamos a figura do pastor. Como l\u00edder, \u00e9 natural que a gente espere de tais pessoas um bom exemplo de f\u00e9 e conduta, pois a pr\u00f3pria B\u00edblia diz que eles devem ser &#8220;irrepreens\u00edveis&#8221;.<\/p>\n\n\n\n<p>Contudo, a mesma B\u00edblia tamb\u00e9m nos mostra que grandes homens de f\u00e9, alguns tidos como &#8220;segundo o cora\u00e7\u00e3o de Deus&#8221;, a exemplo de Davi, ca\u00edram em pecado, cometendo erros absurdos. O que isso nos ensina? Que eles, apesar de conhecedores da Palavra e \u00edntimos do Senhor, est\u00e3o sujeitos \u00e0s mesmas tenta\u00e7\u00f5es que n\u00f3s.<\/p>\n\n\n\n<p>\u00c9 importante entendermos isso, porque muitos pastores n\u00e3o conseguem se perdoar quando cometem erros e, como resultado disso, carregam em seu emocional um sentimento de culpa n\u00e3o curado, muitas vezes alimentados por irm\u00e3os de f\u00e9, na igreja, que n\u00e3o os enxerga como dignos de perd\u00e3o, mas sim condena\u00e7\u00e3o.<\/p>\n\n\n\n<p>Nesses casos, devemos saber diferenciar o pastor ap\u00f3stata daqueles que seguem a Cristo. O primeiro peca e n\u00e3o reconhece seu erro, segue pecando e leva outros a pecarem igualmente. O segundo, por outro lado, age como Davi, prostrando-se aos p\u00e9s do Senhor, em arrependimento, indicando a sua restaura\u00e7\u00e3o.<\/p>\n\n\n\n<p>Com isso, n\u00e3o podemos deixar de enxergar a figura do pastor, tamb\u00e9m como a de um irm\u00e3o na f\u00e9, sendo este algu\u00e9m que, apesar da autoridade espiritual sobre n\u00f3s, abaixo de Cristo, est\u00e1 sujeito a sentir as mesmas dores, temores e sofrimentos que afligem a nossa alma e o corpo.&nbsp;<\/p>\n\n\n\n<p><strong>Solid\u00e3o ministerial&nbsp;<\/strong><\/p>\n\n\n\n<p>Por \u00faltimo, esse \u00e9 um ponto central quando tratamos da sa\u00fade mental dos pastores, porque diz respeito a algo que muitos t\u00eam relatado, inclusive em pesquisas j\u00e1 realizadas, que \u00e9 a solid\u00e3o ministerial. Ou seja, l\u00edderes que trilham a jornada sozinhos, sem qualquer apoio externo.<\/p>\n\n\n\n<p>Por solid\u00e3o ministerial, aqui, me refiro \u00e0 rela\u00e7\u00e3o de pastores com outros pastores. E por que rela\u00e7\u00e3o? Porque n\u00e3o se trata do mero contato institucional, formal, restrito ao ambiente eclesi\u00e1stico e as suas atividades \u2013 o mais comum!<\/p>\n\n\n\n<p>Se trata de uma rela\u00e7\u00e3o de cuidado m\u00fatuo, onde pastores s\u00e3o pastoreados por outros pastores, sendo estes amigos de caminhada dentro e fora da Igreja, como em fam\u00edlia, no campo de futebol ou na pra\u00e7a.<\/p>\n\n\n\n<p>Infelizmente, isso ainda \u00e9 um desafio para muitos, porque a figura do l\u00edder, na cabe\u00e7a de alguns, faz com que eles sintam receio de compartilhar seus problemas, pois percebem isso como uma exposi\u00e7\u00e3o de &#8220;fraquezas&#8221;, &#8220;dificuldades&#8221; ou &#8220;fracasso&#8221;, o que est\u00e1 errado.<\/p>\n\n\n\n<p>Acontece que, \u00e9 justamente por isso que o l\u00edder pastoral deve caminhar com outros l\u00edderes pastorais, porque isso os faz perceber que fraquezas e dificuldades fazem parte do minist\u00e9rio de todos, sendo a solid\u00e3o uma condi\u00e7\u00e3o extremamente perigosa para quem tenta liderar uma igreja de forma isolada.<\/p>\n\n\n\n<p>Aos pastores, portanto, cuidem uns dos outros, como diz a Palavra, em &#8220;amor fraternal&#8221;.<\/p>\n\n\n\n<p>\u00c0 Igreja, cuidem dos pastores, tamb\u00e9m, como irm\u00e3os em Cristo, reconhecendo a sua autoridade e responsabilidades como l\u00edder, mas tamb\u00e9m a sua condi\u00e7\u00e3o humana, onde as mesmas necessidades que nos afetam e exigem aten\u00e7\u00e3o, tamb\u00e9m afetam a eles.<\/p>\n\n\n\n<p><strong>Por Marisa Lobo<\/strong>:\u00a0Psic\u00f3loga, especialista em Direitos Humanos, presidente do movimento Pr\u00f3-Mulher e autora dos livros &#8220;Por que as pessoas Mentem?&#8221;, &#8220;A Ideologia de G\u00eanero na Educa\u00e7\u00e3o&#8221; e &#8220;Fam\u00edlias em Perigo&#8221;.<\/p>\n","protected":false},"excerpt":{"rendered":"<p>Ao longo desta semana, fiz uma s\u00e9rie de publica\u00e7\u00f5es abordando o tema da sa\u00fade mental, e no texto de hoje n\u00e3o ser\u00e1 diferente. O nosso foco aqui, por\u00e9m, ser\u00e1 os cuidados envolvendo \u00e0queles que s\u00e3o respons\u00e1veis por algo que exige extrema responsabilidade, que \u00e9 o minist\u00e9rio pastoral. Temos visto nos \u00faltimos anos, infelizmente com certa [&hellip;]<\/p>\n","protected":false},"author":2,"featured_media":17140,"comment_status":"open","ping_status":"open","sticky":false,"template":"","format":"standard","meta":[],"categories":[19],"tags":[],"_links":{"self":[{"href":"https:\/\/dgospel.com.br\/portal\/index.php\/wp-json\/wp\/v2\/posts\/17139"}],"collection":[{"href":"https:\/\/dgospel.com.br\/portal\/index.php\/wp-json\/wp\/v2\/posts"}],"about":[{"href":"https:\/\/dgospel.com.br\/portal\/index.php\/wp-json\/wp\/v2\/types\/post"}],"author":[{"embeddable":true,"href":"https:\/\/dgospel.com.br\/portal\/index.php\/wp-json\/wp\/v2\/users\/2"}],"replies":[{"embeddable":true,"href":"https:\/\/dgospel.com.br\/portal\/index.php\/wp-json\/wp\/v2\/comments?post=17139"}],"version-history":[{"count":1,"href":"https:\/\/dgospel.com.br\/portal\/index.php\/wp-json\/wp\/v2\/posts\/17139\/revisions"}],"predecessor-version":[{"id":17141,"href":"https:\/\/dgospel.com.br\/portal\/index.php\/wp-json\/wp\/v2\/posts\/17139\/revisions\/17141"}],"wp:featuredmedia":[{"embeddable":true,"href":"https:\/\/dgospel.com.br\/portal\/index.php\/wp-json\/wp\/v2\/media\/17140"}],"wp:attachment":[{"href":"https:\/\/dgospel.com.br\/portal\/index.php\/wp-json\/wp\/v2\/media?parent=17139"}],"wp:term":[{"taxonomy":"category","embeddable":true,"href":"https:\/\/dgospel.com.br\/portal\/index.php\/wp-json\/wp\/v2\/categories?post=17139"},{"taxonomy":"post_tag","embeddable":true,"href":"https:\/\/dgospel.com.br\/portal\/index.php\/wp-json\/wp\/v2\/tags?post=17139"}],"curies":[{"name":"wp","href":"https:\/\/api.w.org\/{rel}","templated":true}]}}