{"id":1714,"date":"2018-10-30T00:29:30","date_gmt":"2018-10-30T02:29:30","guid":{"rendered":"http:\/\/dgospel.com.br\/portal\/?p=1714"},"modified":"2018-10-30T00:29:30","modified_gmt":"2018-10-30T02:29:30","slug":"governador-mauro-carlesse-e-prefeita-de-palmas-discutem-parceria-entre-as-gestoes","status":"publish","type":"post","link":"https:\/\/dgospel.com.br\/portal\/index.php\/2018\/10\/30\/governador-mauro-carlesse-e-prefeita-de-palmas-discutem-parceria-entre-as-gestoes\/","title":{"rendered":"Governador Mauro Carlesse e prefeita de Palmas discutem parceria entre as gest\u00f5es"},"content":{"rendered":"<p>O governador Mauro Carlesse recebeu na tarde desta segunda-feira, 29, no Pal\u00e1cio Araguaia, a prefeita de Palmas, Cinthia Ribeiro, que estava acompanhada do senador eleito Eduardo Gomes e do secret\u00e1rio de Governo de Palmas, C\u00e9sar Guimar\u00e3es. Esta foi a primeira visita institucional da prefeita da capital ao Governador, ap\u00f3s a reelei\u00e7\u00e3o de Mauro Carlesse em 7 de outubro.<\/p>\n<p>Na ocasi\u00e3o foram discutidos assuntos de interesse m\u00fatuo. O Governador destacou as obras que sua administra\u00e7\u00e3o vem empreendendo em Palmas, como a conclus\u00e3o da Avenida NS-15 e o asfaltamento do Taquari. Tamb\u00e9m externou sua preocupa\u00e7\u00e3o com a Sa\u00fade e abriu di\u00e1logo com a prefeita Cinthia Ribeiro para que sejam feitos estudos visando a constru\u00e7\u00e3o de um hospital para atender as v\u00edtimas de acidentes. \u201cPalmas \u00e9 uma Capital que ainda n\u00e3o tem um hospital para fraturados. Al\u00e9m de desafogar o HGP, essa obra vai, principalmente, melhorar a qualidade do atendimento e salvar muitas vidas, e esse \u00e9 o nosso principal objetivo\u201d, afirmou o Governador.<\/p>\n<p>Mauro Carlesse destacou a import\u00e2ncia da visita da Prefeita de Palmas, que inaugura uma nova era entre as duas administra\u00e7\u00f5es, que tiveram in\u00edcio neste ano de 2018, e essa reuni\u00e3o s\u00f3 foi poss\u00edvel, neste momento, em virtude dos processos eleitorais pelos quais passou o Tocantins. \u201cSem d\u00favida \u00e9 um encontro importante, que marca um novo momento. Minha inten\u00e7\u00e3o \u00e9 trabalhar em parceria com os munic\u00edpios e, quando somos parceiros da Capital, atendemos quem mora aqui e quem vem do interior buscar os servi\u00e7os que existem em Palmas\u201d, destacou.<\/p>\n<p>A prefeita Cinthia Ribeiro tamb\u00e9m demonstrou satisfa\u00e7\u00e3o com o resultado da audi\u00eancia e convidou o governador Mauro Carlesse a continuar a discuss\u00e3o dos projetos na sede da Prefeitura de Palmas, convite prontamente aceito. A Prefeita destacou como prioridades apresentadas ao Governador, que dever\u00e3o seguir na pauta entre os gestores, a regulariza\u00e7\u00e3o fundi\u00e1ria e o servi\u00e7o de Sa\u00fade do munic\u00edpio. \u201cFa\u00e7o uma avalia\u00e7\u00e3o muito positiva, assim como n\u00f3s, o Governador entende que, desfeito os palanques, n\u00f3s governamos para todos. Em nome da popula\u00e7\u00e3o palmense, estamos aqui para reivindicar algumas coisas que o Governo do Estado pode e deve ter participa\u00e7\u00e3o do ponto de vista institucional e nos colocar a disposi\u00e7\u00e3o para construir pautas muito positivas para o Estado e para o munic\u00edpio\u201d, avaliou a Prefeita.<\/p>\n","protected":false},"excerpt":{"rendered":"<p>O governador Mauro Carlesse recebeu na tarde desta segunda-feira, 29, no Pal\u00e1cio Araguaia, a prefeita de Palmas, Cinthia Ribeiro, que estava acompanhada do senador eleito Eduardo Gomes e do secret\u00e1rio de Governo de Palmas, C\u00e9sar Guimar\u00e3es. Esta foi a primeira visita institucional da prefeita da capital ao Governador, ap\u00f3s a reelei\u00e7\u00e3o de Mauro Carlesse em [&hellip;]<\/p>\n","protected":false},"author":2,"featured_media":1715,"comment_status":"open","ping_status":"open","sticky":false,"template":"","format":"standard","meta":[],"categories":[2,3],"tags":[],"_links":{"self":[{"href":"https:\/\/dgospel.com.br\/portal\/index.php\/wp-json\/wp\/v2\/posts\/1714"}],"collection":[{"href":"https:\/\/dgospel.com.br\/portal\/index.php\/wp-json\/wp\/v2\/posts"}],"about":[{"href":"https:\/\/dgospel.com.br\/portal\/index.php\/wp-json\/wp\/v2\/types\/post"}],"author":[{"embeddable":true,"href":"https:\/\/dgospel.com.br\/portal\/index.php\/wp-json\/wp\/v2\/users\/2"}],"replies":[{"embeddable":true,"href":"https:\/\/dgospel.com.br\/portal\/index.php\/wp-json\/wp\/v2\/comments?post=1714"}],"version-history":[{"count":1,"href":"https:\/\/dgospel.com.br\/portal\/index.php\/wp-json\/wp\/v2\/posts\/1714\/revisions"}],"predecessor-version":[{"id":1716,"href":"https:\/\/dgospel.com.br\/portal\/index.php\/wp-json\/wp\/v2\/posts\/1714\/revisions\/1716"}],"wp:featuredmedia":[{"embeddable":true,"href":"https:\/\/dgospel.com.br\/portal\/index.php\/wp-json\/wp\/v2\/media\/1715"}],"wp:attachment":[{"href":"https:\/\/dgospel.com.br\/portal\/index.php\/wp-json\/wp\/v2\/media?parent=1714"}],"wp:term":[{"taxonomy":"category","embeddable":true,"href":"https:\/\/dgospel.com.br\/portal\/index.php\/wp-json\/wp\/v2\/categories?post=1714"},{"taxonomy":"post_tag","embeddable":true,"href":"https:\/\/dgospel.com.br\/portal\/index.php\/wp-json\/wp\/v2\/tags?post=1714"}],"curies":[{"name":"wp","href":"https:\/\/api.w.org\/{rel}","templated":true}]}}