{"id":17145,"date":"2023-09-18T23:02:46","date_gmt":"2023-09-19T02:02:46","guid":{"rendered":"http:\/\/dgospel.com.br\/portal\/?p=17145"},"modified":"2023-09-18T23:02:47","modified_gmt":"2023-09-19T02:02:47","slug":"estado-islamico-afirma-ter-executado-11-cristaos-em-mocambique","status":"publish","type":"post","link":"https:\/\/dgospel.com.br\/portal\/index.php\/2023\/09\/18\/estado-islamico-afirma-ter-executado-11-cristaos-em-mocambique\/","title":{"rendered":"Estado Isl\u00e2mico afirma ter executado 11 crist\u00e3os em Mo\u00e7ambique"},"content":{"rendered":"\n<p>O grupo terrorista Estado Isl\u00e2mico afirmou que executou 11 crist\u00e3os em Cabo Delgado,&nbsp;<strong><a href=\"https:\/\/guiame.com.br\/gospel\/missoes-acao-social\/piloto-missionario-que-foi-preso-em-mocambique-decide-continuar-deus-nos-quer-aqui.html\">Mo\u00e7ambique<\/a><\/strong>, na \u00faltima sexta-feira (15).<\/p>\n\n\n\n<p>O an\u00fancio foi feito nas plataformas de propaganda do grupo, de acordo com a ag\u00eancia de not\u00edcias RFI.<\/p>\n\n\n\n<p>A execu\u00e7\u00e3o aconteceu durante um ataque \u00e0 aldeia Naquitenge, no distrito de Moc\u00edmboa da Praia, segundo a Lusa (Ag\u00eancia de Not\u00edcias de Portugal).<\/p>\n\n\n\n<p>\u201cQuando chegaram l\u00e1, convocaram uma reuni\u00e3o. As pessoas da aldeia n\u00e3o sabiam que eram terroristas e depois disso come\u00e7aram a separar os crist\u00e3os dos mu\u00e7ulmanos com base nos seus nomes. Depois disso, abriram fogo contra os crist\u00e3os\u201d, contou uma fonte local que perdeu o sobrinho no ataque, \u00e0 Lusa.<\/p>\n\n\n\n<p>Os moradores locais afirmaram que pelo menos 12 pessoas foram assassinadas pelos terroristas.<\/p>\n\n\n\n<p>\u201cEles praticamente atiraram nas pessoas. Algumas ficaram feridas e fugiram para a floresta. \u00c9 um dos ataques mais cru\u00e9is de que j\u00e1 ouvimos falar\u201d, disse outra fonte que tem um familiar que conseguiu escapar do ataque, \u00e0 Lusa.<\/p>\n\n\n\n<p>O Estado Isl\u00e2mico tamb\u00e9m afirmou que bombardeaou militares das For\u00e7as Armadas mo\u00e7ambicanas. O Minist\u00e9rio da Defesa de Mo\u00e7ambique ainda n\u00e3o se manifestou sobre o ataque.<\/p>\n\n\n\n<p>Moc\u00edmboa da Praia \u00e9 conhecida como a \u201cbase\u201d dos radicais e o Estado Isl\u00e2mico opera na prov\u00edncia de Cabo Delgado h\u00e1 quase seis anos. O primeiro ataque terrorista na prov\u00edncia aconteceu em Moc\u00edmboa da Praia, em outubro de 2017.<\/p>\n\n\n\n<p>O Presidente do Conselho Crist\u00e3o de Mo\u00e7ambique, Rodrigues Dambo, afirmou que a a\u00e7\u00e3o de terroristas na regi\u00e3o \u00e9 preocupante, apesar do avan\u00e7o das tropas mo\u00e7ambicanas e dos seus aliados na frente de combate em Cabo Delgado.<\/p>\n\n\n\n<p>\u201cA quest\u00e3o do&nbsp;<a href=\"https:\/\/guiame.com.br\/gospel\/missoes-acao-social\/filme-de-heidi-baker-desperta-igrejas-para-realidade-do-terrorismo-em-mocambique.html\"><strong>terrorismo<\/strong>&nbsp;<\/a>\u00e9 um desafio muito grande, este \u00e9 um assunto que preocupa a todos. O papel da igreja em primeiro lugar \u00e9 acolher os refugiados, \u00e9 esse o trabalho que est\u00e1 sendo feito, ajudar os refugiados\u201d, disse Rodrigues, \u00e0 RFI.<\/p>\n\n\n\n<p>Mo\u00e7ambique ocupa a 32\u00aa posi\u00e7\u00e3o da Lista Mundial da Persegui\u00e7\u00e3o 2023 da Miss\u00e3o Portas Abertas de pa\u00edses mais dif\u00edceis para ser umcrist\u00e3o.<\/p>\n","protected":false},"excerpt":{"rendered":"<p>O grupo terrorista Estado Isl\u00e2mico afirmou que executou 11 crist\u00e3os em Cabo Delgado,&nbsp;Mo\u00e7ambique, na \u00faltima sexta-feira (15). O an\u00fancio foi feito nas plataformas de propaganda do grupo, de acordo com a ag\u00eancia de not\u00edcias RFI. A execu\u00e7\u00e3o aconteceu durante um ataque \u00e0 aldeia Naquitenge, no distrito de Moc\u00edmboa da Praia, segundo a Lusa (Ag\u00eancia de [&hellip;]<\/p>\n","protected":false},"author":2,"featured_media":17146,"comment_status":"open","ping_status":"open","sticky":false,"template":"","format":"standard","meta":[],"categories":[11,12],"tags":[],"_links":{"self":[{"href":"https:\/\/dgospel.com.br\/portal\/index.php\/wp-json\/wp\/v2\/posts\/17145"}],"collection":[{"href":"https:\/\/dgospel.com.br\/portal\/index.php\/wp-json\/wp\/v2\/posts"}],"about":[{"href":"https:\/\/dgospel.com.br\/portal\/index.php\/wp-json\/wp\/v2\/types\/post"}],"author":[{"embeddable":true,"href":"https:\/\/dgospel.com.br\/portal\/index.php\/wp-json\/wp\/v2\/users\/2"}],"replies":[{"embeddable":true,"href":"https:\/\/dgospel.com.br\/portal\/index.php\/wp-json\/wp\/v2\/comments?post=17145"}],"version-history":[{"count":1,"href":"https:\/\/dgospel.com.br\/portal\/index.php\/wp-json\/wp\/v2\/posts\/17145\/revisions"}],"predecessor-version":[{"id":17147,"href":"https:\/\/dgospel.com.br\/portal\/index.php\/wp-json\/wp\/v2\/posts\/17145\/revisions\/17147"}],"wp:featuredmedia":[{"embeddable":true,"href":"https:\/\/dgospel.com.br\/portal\/index.php\/wp-json\/wp\/v2\/media\/17146"}],"wp:attachment":[{"href":"https:\/\/dgospel.com.br\/portal\/index.php\/wp-json\/wp\/v2\/media?parent=17145"}],"wp:term":[{"taxonomy":"category","embeddable":true,"href":"https:\/\/dgospel.com.br\/portal\/index.php\/wp-json\/wp\/v2\/categories?post=17145"},{"taxonomy":"post_tag","embeddable":true,"href":"https:\/\/dgospel.com.br\/portal\/index.php\/wp-json\/wp\/v2\/tags?post=17145"}],"curies":[{"name":"wp","href":"https:\/\/api.w.org\/{rel}","templated":true}]}}