{"id":17151,"date":"2023-09-19T13:03:44","date_gmt":"2023-09-19T16:03:44","guid":{"rendered":"http:\/\/dgospel.com.br\/portal\/?p=17151"},"modified":"2023-09-25T08:57:15","modified_gmt":"2023-09-25T11:57:15","slug":"governo-do-tocantins-publica-concurso-da-agencia-de-fomento-com-salarios-de-ate-r-4-250","status":"publish","type":"post","link":"https:\/\/dgospel.com.br\/portal\/index.php\/2023\/09\/19\/governo-do-tocantins-publica-concurso-da-agencia-de-fomento-com-salarios-de-ate-r-4-250\/","title":{"rendered":"Governo do Tocantins publica concurso da Ag\u00eancia de Fomento com sal\u00e1rios de at\u00e9 R$ 4.250"},"content":{"rendered":"\n<p>Em raz\u00e3o do expressivo crescimento da Ag\u00eancia de Fomento durante a gest\u00e3o do governador Wanderlei Barbosa, o Governo do Tocantins far\u00e1 a publica\u00e7\u00e3o do edital do concurso p\u00fablico da Ag\u00eancia de Fomento do Tocantins no Di\u00e1rio Oficial desta segunda-feira, 18, visando fortalecer, ainda mais, o quadro de servidores da institui\u00e7\u00e3o.<br><br>Ser\u00e3o 48 vagas, sendo 12 (doze) vagas para posse imediata e 36 (trinta e seis) vagas de forma\u00e7\u00e3o de cadastro de reserva, em cargos de n\u00edvel m\u00e9dio e superior. A jornada \u00e9 de 30 (trinta) horas semanais e os sal\u00e1rios chegam a R$ 4.250,00 (quatro mil e duzentos cinquenta reais), j\u00e1 inclusos os benef\u00edcios do aux\u00edlio alimenta\u00e7\u00e3o. O prazo pra inscri\u00e7\u00e3o ser\u00e1 entre o dia 20\/09 e 16\/10\/2023. O candidato dever\u00e1 efetuar o pagamento de sua taxa de inscri\u00e7\u00e3o \u2013 R$ 60,00 para n\u00edvel m\u00e9dio e R$ 100,00 para n\u00edvel superior \u2013 impreterivelmente, at\u00e9 o dia 17\/10\/2023.<\/p>\n\n\n\n<p>A banca contratada para realiza\u00e7\u00e3o do certame ser\u00e1 a Universidade Estadual do Tocantins (Unitins) e a previs\u00e3o \u00e9 que as provas sejam aplicadas no final de novembro de 2023, apenas na cidade de Palmas. Os cargos a serem preenchidos e a quantidade de vagas dispon\u00edveis foram definidos por uma Comiss\u00e3o, presidida pelo gerente jur\u00eddico da Ag\u00eancia, Almiro de Faria Junior, juntamente com a presidente da Institui\u00e7\u00e3o, Denise Rocha, conforme an\u00e1lise das demandas e de aspectos relacionados \u00e0 responsabilidade fiscal e financeira.<br><br>Para a gestora, o primeiro certame da Ag\u00eancia se faz necess\u00e1rio, n\u00e3o apenas pelo aspecto legal, como tamb\u00e9m pelo aumento da demanda. \u201cCom muita responsabilidade, estamos lan\u00e7ando o edital do concurso p\u00fablico que vai permitir que o quadro de servidores fique completo, cujas vagas ser\u00e3o preenchidas pela meritocracia, prezando tamb\u00e9m, pela igualdade de oportunidades\u201d, disse a presidente.<br><br>J\u00e1 o governador Wanderlei Barbosa considerou o lan\u00e7amento do edital como um avan\u00e7o da gest\u00e3o. \u201cEstamos resgatando uma d\u00edvida hist\u00f3rica, publicando o edital do primeiro concurso da Ag\u00eancia de Fomento do Tocantins. Devemos garantir o acesso das pessoas ao servi\u00e7o p\u00fablico, respeitando as regras constitucionais, e agora faremos este concurso para dar seguran\u00e7a jur\u00eddica e regularizar a carreira dos profissionais da Ag\u00eancia\u201d, ressaltou o Governador.&nbsp;<br><br><strong>Vagas<\/strong><br><br>Ser\u00e3o ofertadas 07 vagas para n\u00edvel m\u00e9dio sendo, 05 para ampla concorr\u00eancia e 01 para Portador de Necessidades especiais para o cargo de T\u00e9cnico de Fomento, al\u00e9m de 01 para Motorista.<br><br>J\u00e1 para o n\u00edvel superior ser\u00e3o 05 vagas assim distribu\u00eddas: 01 vaga para Analista Jur\u00eddico; 01 para Analista Cont\u00e1bil; 01 para Analista de Sistemas; 01 para Analista de Fomento e 01 para Analista de Avalia\u00e7\u00e3o. Os demais cargos de Assessor de Comunica\u00e7\u00e3o, Analista de TI, Analista de Gest\u00e3o de Pessoas e Analista de Cr\u00e9dito, por enquanto, ser\u00e3o apenas para o cadastro de reserva.<br><br>As demais informa\u00e7\u00f5es poder\u00e3o ser conferidas no edital, devidamente publicado no Di\u00e1rio Oficial do Estado de desta segunda-feira, 18.<\/p>\n\n\n\n<p><img src=\"https:\/\/central.to.gov.br\/image\/347390?w=670&amp;h=383\"><\/p>\n\n\n\n<p>\u201c Com muita responsabilidade, estamos lan\u00e7ando o edital do concurso p\u00fablico que vai permitir que o quadro de servidores fique completo, cujas vagas ser\u00e3o preenchidas pela meritocracia, prezando tamb\u00e9m, pela igualdade de oportunidades\u201d, disse Denise Rocha &#8211; Governo do Tocantins.<\/p>\n\n\n\n<p>\u201cEstamos resgatando uma d\u00edvida hist\u00f3rica, publicando o edital do primeiro concurso da Ag\u00eancia de Fomento do Tocantins. Devemos garantir o acesso das pessoas ao servi\u00e7o p\u00fablico, respeitando as regras constitucionais, e agora faremos este concurso para dar seguran\u00e7a jur\u00eddica e regularizar a carreira dos profissionais da Ag\u00eancia\u201d, ressaltou o Governador.&nbsp;<\/p>\n","protected":false},"excerpt":{"rendered":"<p>Em raz\u00e3o do expressivo crescimento da Ag\u00eancia de Fomento durante a gest\u00e3o do governador Wanderlei Barbosa, o Governo do Tocantins far\u00e1 a publica\u00e7\u00e3o do edital do concurso p\u00fablico da Ag\u00eancia de Fomento do Tocantins no Di\u00e1rio Oficial desta segunda-feira, 18, visando fortalecer, ainda mais, o quadro de servidores da institui\u00e7\u00e3o. Ser\u00e3o 48 vagas, sendo 12 [&hellip;]<\/p>\n","protected":false},"author":2,"featured_media":17152,"comment_status":"open","ping_status":"open","sticky":false,"template":"","format":"standard","meta":[],"categories":[3],"tags":[13],"_links":{"self":[{"href":"https:\/\/dgospel.com.br\/portal\/index.php\/wp-json\/wp\/v2\/posts\/17151"}],"collection":[{"href":"https:\/\/dgospel.com.br\/portal\/index.php\/wp-json\/wp\/v2\/posts"}],"about":[{"href":"https:\/\/dgospel.com.br\/portal\/index.php\/wp-json\/wp\/v2\/types\/post"}],"author":[{"embeddable":true,"href":"https:\/\/dgospel.com.br\/portal\/index.php\/wp-json\/wp\/v2\/users\/2"}],"replies":[{"embeddable":true,"href":"https:\/\/dgospel.com.br\/portal\/index.php\/wp-json\/wp\/v2\/comments?post=17151"}],"version-history":[{"count":2,"href":"https:\/\/dgospel.com.br\/portal\/index.php\/wp-json\/wp\/v2\/posts\/17151\/revisions"}],"predecessor-version":[{"id":17216,"href":"https:\/\/dgospel.com.br\/portal\/index.php\/wp-json\/wp\/v2\/posts\/17151\/revisions\/17216"}],"wp:featuredmedia":[{"embeddable":true,"href":"https:\/\/dgospel.com.br\/portal\/index.php\/wp-json\/wp\/v2\/media\/17152"}],"wp:attachment":[{"href":"https:\/\/dgospel.com.br\/portal\/index.php\/wp-json\/wp\/v2\/media?parent=17151"}],"wp:term":[{"taxonomy":"category","embeddable":true,"href":"https:\/\/dgospel.com.br\/portal\/index.php\/wp-json\/wp\/v2\/categories?post=17151"},{"taxonomy":"post_tag","embeddable":true,"href":"https:\/\/dgospel.com.br\/portal\/index.php\/wp-json\/wp\/v2\/tags?post=17151"}],"curies":[{"name":"wp","href":"https:\/\/api.w.org\/{rel}","templated":true}]}}