{"id":17154,"date":"2023-09-19T13:05:54","date_gmt":"2023-09-19T16:05:54","guid":{"rendered":"http:\/\/dgospel.com.br\/portal\/?p=17154"},"modified":"2023-09-25T09:31:19","modified_gmt":"2023-09-25T12:31:19","slug":"governo-do-tocantins-fara-requisicao-administrativa-de-uti-e-garantira-a-assistencia-aos-usuarios-do-sus","status":"publish","type":"post","link":"https:\/\/dgospel.com.br\/portal\/index.php\/2023\/09\/19\/governo-do-tocantins-fara-requisicao-administrativa-de-uti-e-garantira-a-assistencia-aos-usuarios-do-sus\/","title":{"rendered":"Governo do Tocantins far\u00e1 requisi\u00e7\u00e3o administrativa de UTI e garantir\u00e1 a assist\u00eancia aos usu\u00e1rios do SUS"},"content":{"rendered":"\n<p>Para garantir o atendimento continuado aos usu\u00e1rios do Sistema \u00danico de Sa\u00fade (SUS), o Governo do Tocantins publicou, no Di\u00e1rio Oficial do Estado (DOE-TO), n\u00ba 6413, desta segunda-feira, 18, a Portaria Conjunta n\u00ba 03\/2023, a qual disp\u00f5e sobre a Requisi\u00e7\u00e3o Administrativa para presta\u00e7\u00e3o de servi\u00e7os de Unidade de Terapia Intensiva (UTI), no Estado.<\/p>\n\n\n\n<p>O documento assinado pelos titulares da Secretaria de Estado da Sa\u00fade (SES-TO), Carlos Felinto J\u00fanior e da Procuradoria Geral do Estado (PGE-TO), Kledson Moura Lima, foi motivado pela notifica\u00e7\u00e3o realizada no dia 31 de agosto de 2023, em que a Associa\u00e7\u00e3o Sa\u00fade em Movimento (ASM) apresentou pedido de rescis\u00e3o dos contratos que atendem o Hospital Regional de Augustin\u00f3polis, Hospital Geral de Palmas, Hospital e Maternidade Dona Regina e Hospital Regional de Porto Nacional.<\/p>\n\n\n\n<p>\u201cA Secretaria j\u00e1 realizou um processo licitat\u00f3rio, que originou no Preg\u00e3o Eletr\u00f4nico n\u00ba 177\/2023, contudo, esse procedimento aguarda decis\u00f5es em \u00e2mbito judicial. Diante deste cen\u00e1rio de urg\u00eancia da manuten\u00e7\u00e3o dos servi\u00e7os e, n\u00e3o haver tempo h\u00e1bil para outros mecanismos legais e, por n\u00e3o dispor dos requisitos m\u00ednimos necess\u00e1rios de recursos humanos, materiais, medicamentos, dietas nutricionais, recursos assistenciais e equipamentos e pensando na garantia da vida da popula\u00e7\u00e3o que utiliza o SUS, a gest\u00e3o, dentro do amparo da legisla\u00e7\u00e3o vigente, decidiu pela requisi\u00e7\u00e3o\u201d, afirmou Carlos Felinto.<\/p>\n\n\n\n<p><strong>A requisi\u00e7\u00e3o<\/strong><\/p>\n\n\n\n<p>A medida vale para servi\u00e7os de pessoa jur\u00eddica especializada na oferta de di\u00e1rias de leitos de UTI adulto, pedi\u00e1trico e neonatal na rede pr\u00f3pria estadual ou rede complementar com a finalidade de atender a demanda dos pacientes do Sistema \u00danico de Sa\u00fade, no Estado do Tocantins.<\/p>\n\n\n\n<p>Dentre as obriga\u00e7\u00f5es das requisitadas est\u00e3o: fornecer m\u00e3o de obra especializada e administrativa, equipamentos, mobili\u00e1rios, medicamentos, materiais hospitalares e insumos, procedimentos cir\u00fargicos beira leito, todos os recursos, procedimentos e atividades assistenciais; fornecer equipamentos de prote\u00e7\u00e3o individual (EPI\u2019s) e equipamentos de prote\u00e7\u00e3o coletiva (EPC\u2019s), em conson\u00e2ncia com as recomenda\u00e7\u00f5es dos \u00f3rg\u00e3os sanit\u00e1rios, para todos os servidores; prover refei\u00e7\u00f5es, incluindo as dietas especiais, dever\u00e3o ser servidas a pacientes e colaboradores e servi\u00e7os de lavanderia, bem como a realiza\u00e7\u00e3o de exames e remo\u00e7\u00f5es de pacientes fora de o ambiente hospitalar, em conformidade com os fluxos e protocolos estabelecidos.<\/p>\n\n\n\n<p><img src=\"https:\/\/central.to.gov.br\/image\/347399?w=670&amp;h=383\"><\/p>\n\n\n\n<p>Unidades neonatais do Hospital e Maternidade Dona Regina &#8211; Governo do Tocantins&nbsp;<\/p>\n","protected":false},"excerpt":{"rendered":"<p>Para garantir o atendimento continuado aos usu\u00e1rios do Sistema \u00danico de Sa\u00fade (SUS), o Governo do Tocantins publicou, no Di\u00e1rio Oficial do Estado (DOE-TO), n\u00ba 6413, desta segunda-feira, 18, a Portaria Conjunta n\u00ba 03\/2023, a qual disp\u00f5e sobre a Requisi\u00e7\u00e3o Administrativa para presta\u00e7\u00e3o de servi\u00e7os de Unidade de Terapia Intensiva (UTI), no Estado. O documento [&hellip;]<\/p>\n","protected":false},"author":2,"featured_media":17155,"comment_status":"open","ping_status":"open","sticky":false,"template":"","format":"standard","meta":[],"categories":[3],"tags":[13],"_links":{"self":[{"href":"https:\/\/dgospel.com.br\/portal\/index.php\/wp-json\/wp\/v2\/posts\/17154"}],"collection":[{"href":"https:\/\/dgospel.com.br\/portal\/index.php\/wp-json\/wp\/v2\/posts"}],"about":[{"href":"https:\/\/dgospel.com.br\/portal\/index.php\/wp-json\/wp\/v2\/types\/post"}],"author":[{"embeddable":true,"href":"https:\/\/dgospel.com.br\/portal\/index.php\/wp-json\/wp\/v2\/users\/2"}],"replies":[{"embeddable":true,"href":"https:\/\/dgospel.com.br\/portal\/index.php\/wp-json\/wp\/v2\/comments?post=17154"}],"version-history":[{"count":1,"href":"https:\/\/dgospel.com.br\/portal\/index.php\/wp-json\/wp\/v2\/posts\/17154\/revisions"}],"predecessor-version":[{"id":17156,"href":"https:\/\/dgospel.com.br\/portal\/index.php\/wp-json\/wp\/v2\/posts\/17154\/revisions\/17156"}],"wp:featuredmedia":[{"embeddable":true,"href":"https:\/\/dgospel.com.br\/portal\/index.php\/wp-json\/wp\/v2\/media\/17155"}],"wp:attachment":[{"href":"https:\/\/dgospel.com.br\/portal\/index.php\/wp-json\/wp\/v2\/media?parent=17154"}],"wp:term":[{"taxonomy":"category","embeddable":true,"href":"https:\/\/dgospel.com.br\/portal\/index.php\/wp-json\/wp\/v2\/categories?post=17154"},{"taxonomy":"post_tag","embeddable":true,"href":"https:\/\/dgospel.com.br\/portal\/index.php\/wp-json\/wp\/v2\/tags?post=17154"}],"curies":[{"name":"wp","href":"https:\/\/api.w.org\/{rel}","templated":true}]}}