{"id":17157,"date":"2023-09-19T17:51:45","date_gmt":"2023-09-19T20:51:45","guid":{"rendered":"http:\/\/dgospel.com.br\/portal\/?p=17157"},"modified":"2023-09-25T09:44:10","modified_gmt":"2023-09-25T12:44:10","slug":"regis-danese-recebe-alta-apos-19-dias-de-internacao","status":"publish","type":"post","link":"https:\/\/dgospel.com.br\/portal\/index.php\/2023\/09\/19\/regis-danese-recebe-alta-apos-19-dias-de-internacao\/","title":{"rendered":"Regis Danese recebe alta ap\u00f3s 19 dias de interna\u00e7\u00e3o"},"content":{"rendered":"\n<p>Nesta ter\u00e7a-feira (19), o cantor Regis Danese recebeu alta do Hospital Uberl\u00e2ndia Medical Center, em Uberl\u00e2ndia, Minas Gerais, onde estava internado.<\/p>\n\n\n\n<p>A alta m\u00e9dica foi confirmada pelo boletim m\u00e9dico divulgado na tarde desta ter\u00e7a e assinada pelos m\u00e9dicos Dr. S\u00e2nzio Dupim, coordenador da UTI, e pelo Sr. Maxwel Boga, cirurgi\u00e3o digestivo.<\/p>\n\n\n\n<p>No dia 30 de agosto, o cantor evang\u00e9lico sofreu um acidente de carro na BR-153, em Jaragu\u00e1 (GO), sendo internado e levado \u00e0 UTI em Goi\u00e2nia.<\/p>\n\n\n\n<p>Por conta da colis\u00e3o, o cantor teve tr\u00eas costelas, no esterno e no punho, al\u00e9m do intestino perfurado. Regis passou por uma cirurgia chamada laparotomia exploradora e enterorrafia para corrigir a les\u00e3o puntiforme no intestino delgado.<\/p>\n\n\n\n<p>Depois, foi transferido para Uberl\u00e2ndia, onde reside, para ficar mais pr\u00f3ximo de sua fam\u00edlia. No dia 6 de setembro, prestes a ter alta, o cantor passou mal e sua alta foi adiada.<\/p>\n\n\n\n<figure class=\"wp-block-image\"><img src=\"https:\/\/static.cdn.pleno.news\/2023\/09\/WhatsApp-Image-2023-09-19-at-16.06.35.jpeg\" alt=\"\" class=\"wp-image-1206634\"\/><figcaption>Boletim Regis Danese&nbsp;Foto: Divulga\u00e7\u00e3o<\/figcaption><\/figure>\n","protected":false},"excerpt":{"rendered":"<p>Nesta ter\u00e7a-feira (19), o cantor Regis Danese recebeu alta do Hospital Uberl\u00e2ndia Medical Center, em Uberl\u00e2ndia, Minas Gerais, onde estava internado. A alta m\u00e9dica foi confirmada pelo boletim m\u00e9dico divulgado na tarde desta ter\u00e7a e assinada pelos m\u00e9dicos Dr. S\u00e2nzio Dupim, coordenador da UTI, e pelo Sr. Maxwel Boga, cirurgi\u00e3o digestivo. No dia 30 de [&hellip;]<\/p>\n","protected":false},"author":2,"featured_media":17158,"comment_status":"open","ping_status":"open","sticky":false,"template":"","format":"standard","meta":[],"categories":[5,1],"tags":[],"_links":{"self":[{"href":"https:\/\/dgospel.com.br\/portal\/index.php\/wp-json\/wp\/v2\/posts\/17157"}],"collection":[{"href":"https:\/\/dgospel.com.br\/portal\/index.php\/wp-json\/wp\/v2\/posts"}],"about":[{"href":"https:\/\/dgospel.com.br\/portal\/index.php\/wp-json\/wp\/v2\/types\/post"}],"author":[{"embeddable":true,"href":"https:\/\/dgospel.com.br\/portal\/index.php\/wp-json\/wp\/v2\/users\/2"}],"replies":[{"embeddable":true,"href":"https:\/\/dgospel.com.br\/portal\/index.php\/wp-json\/wp\/v2\/comments?post=17157"}],"version-history":[{"count":1,"href":"https:\/\/dgospel.com.br\/portal\/index.php\/wp-json\/wp\/v2\/posts\/17157\/revisions"}],"predecessor-version":[{"id":17159,"href":"https:\/\/dgospel.com.br\/portal\/index.php\/wp-json\/wp\/v2\/posts\/17157\/revisions\/17159"}],"wp:featuredmedia":[{"embeddable":true,"href":"https:\/\/dgospel.com.br\/portal\/index.php\/wp-json\/wp\/v2\/media\/17158"}],"wp:attachment":[{"href":"https:\/\/dgospel.com.br\/portal\/index.php\/wp-json\/wp\/v2\/media?parent=17157"}],"wp:term":[{"taxonomy":"category","embeddable":true,"href":"https:\/\/dgospel.com.br\/portal\/index.php\/wp-json\/wp\/v2\/categories?post=17157"},{"taxonomy":"post_tag","embeddable":true,"href":"https:\/\/dgospel.com.br\/portal\/index.php\/wp-json\/wp\/v2\/tags?post=17157"}],"curies":[{"name":"wp","href":"https:\/\/api.w.org\/{rel}","templated":true}]}}