{"id":17160,"date":"2023-09-19T17:56:31","date_gmt":"2023-09-19T20:56:31","guid":{"rendered":"http:\/\/dgospel.com.br\/portal\/?p=17160"},"modified":"2023-09-19T17:58:36","modified_gmt":"2023-09-19T20:58:36","slug":"mercado-financeiro-nao-confia-em-lula-e-haddad-diz-pesquisa","status":"publish","type":"post","link":"https:\/\/dgospel.com.br\/portal\/index.php\/2023\/09\/19\/mercado-financeiro-nao-confia-em-lula-e-haddad-diz-pesquisa\/","title":{"rendered":"Mercado financeiro n\u00e3o confia em Lula e Haddad, diz pesquisa"},"content":{"rendered":"\n<p>A propor\u00e7\u00e3o do mercado financeiro que avalia positivamente o governo do presidente Luiz In\u00e1cio Lula da Silva caiu oito pontos porcentuais entre julho e setembro, de 20% para 12%, indica pesquisa Genial\/Quaest divulgada nesta ter\u00e7a-feira (19). No per\u00edodo, a avalia\u00e7\u00e3o negativa cresceu tr\u00eas pontos porcentuais, de 44% para 47%, e a avalia\u00e7\u00e3o regular avan\u00e7ou cinco pontos, de 36% para 41%.<\/p>\n\n\n\n<p>A pesquisa ouviu 87 profissionais de fundos de investimentos sediados em S\u00e3o Paulo e no Rio de Janeiro.<\/p>\n\n\n\n<p>A piora se manifestou mais fortemente na leitura sobre o trabalho do ministro da Fazenda, Fernando Haddad: ap\u00f3s ter avan\u00e7ado quase 40 pontos porcentuais entre maio e julho, a avalia\u00e7\u00e3o positiva sobre o ministro caiu quase 20 pontos nesta leitura, de 65% para 46%. A avalia\u00e7\u00e3o negativa sobre Haddad cresceu 12 pontos no per\u00edodo, de 11% para 23%, e a regular avan\u00e7ou sete pontos, de 24% para 31%.<\/p>\n\n\n\n<p>A propor\u00e7\u00e3o dos agentes de mercado que veem a pol\u00edtica econ\u00f4mica na dire\u00e7\u00e3o errada saltou 19 pontos porcentuais entre julho e setembro, de 53% para 72%, enquanto os que a veem na dire\u00e7\u00e3o certa ca\u00edram de 47% para 28%. Com isso, caiu a raz\u00e3o dos que esperam melhora da economia nos pr\u00f3ximos 12 meses (53% para 36%), e cresceu a propor\u00e7\u00e3o dos que preveem piora (21% para 34%).<\/p>\n\n\n\n<p>Para 57%, o principal problema que dificulta a melhora da economia hoje \u00e9 a falta de uma pol\u00edtica fiscal que funcione \u2013 em julho, 45% citaram o crit\u00e9rio.<\/p>\n\n\n\n<p>Outros pontos mencionados foram interesses eleitorais (19% para 22%), baixa escolaridade e produtividade da popula\u00e7\u00e3o (21% para 15%) e alta taxa de juros (11% para 6%).<\/p>\n\n\n\n<p>A raz\u00e3o dos que julgam que o governo est\u00e1 preocupado com o controle da infla\u00e7\u00e3o cresceu de 34% em julho para 42% em setembro. No per\u00edodo, os que consideram que o Executivo n\u00e3o est\u00e1 preocupado com o tema ca\u00edram de 66% para 58%.<\/p>\n\n\n\n<p><strong>CONFIAN\u00c7A<\/strong><br>Al\u00e9m da piora na avalia\u00e7\u00e3o sobre o desempenho de Haddad, agentes do mercado tamb\u00e9m diminu\u00edram a confian\u00e7a no ministro: entre julho e setembro, a propor\u00e7\u00e3o dos que dizem confiar pouco ou nada no titular da Fazenda avan\u00e7ou de 40% para 48%, enquanto os que dizem confiar muito ca\u00edram de 13% para 10%.<\/p>\n\n\n\n<p>J\u00e1 os que dizem confiar pouco ou nada no presidente Lula passaram de 95% em julho para 91% em setembro, e os que afirmam confiar muito oscilaram de 1% para 2%. A raz\u00e3o dos que confiam mais ou menos no mandat\u00e1rio passou de 1% para 2% no per\u00edodo.<\/p>\n\n\n\n<p>*AE<\/p>\n\n\n\n<p><\/p>\n","protected":false},"excerpt":{"rendered":"<p>A propor\u00e7\u00e3o do mercado financeiro que avalia positivamente o governo do presidente Luiz In\u00e1cio Lula da Silva caiu oito pontos porcentuais entre julho e setembro, de 20% para 12%, indica pesquisa Genial\/Quaest divulgada nesta ter\u00e7a-feira (19). No per\u00edodo, a avalia\u00e7\u00e3o negativa cresceu tr\u00eas pontos porcentuais, de 44% para 47%, e a avalia\u00e7\u00e3o regular avan\u00e7ou cinco [&hellip;]<\/p>\n","protected":false},"author":2,"featured_media":17161,"comment_status":"open","ping_status":"open","sticky":false,"template":"","format":"standard","meta":[],"categories":[10],"tags":[],"_links":{"self":[{"href":"https:\/\/dgospel.com.br\/portal\/index.php\/wp-json\/wp\/v2\/posts\/17160"}],"collection":[{"href":"https:\/\/dgospel.com.br\/portal\/index.php\/wp-json\/wp\/v2\/posts"}],"about":[{"href":"https:\/\/dgospel.com.br\/portal\/index.php\/wp-json\/wp\/v2\/types\/post"}],"author":[{"embeddable":true,"href":"https:\/\/dgospel.com.br\/portal\/index.php\/wp-json\/wp\/v2\/users\/2"}],"replies":[{"embeddable":true,"href":"https:\/\/dgospel.com.br\/portal\/index.php\/wp-json\/wp\/v2\/comments?post=17160"}],"version-history":[{"count":1,"href":"https:\/\/dgospel.com.br\/portal\/index.php\/wp-json\/wp\/v2\/posts\/17160\/revisions"}],"predecessor-version":[{"id":17162,"href":"https:\/\/dgospel.com.br\/portal\/index.php\/wp-json\/wp\/v2\/posts\/17160\/revisions\/17162"}],"wp:featuredmedia":[{"embeddable":true,"href":"https:\/\/dgospel.com.br\/portal\/index.php\/wp-json\/wp\/v2\/media\/17161"}],"wp:attachment":[{"href":"https:\/\/dgospel.com.br\/portal\/index.php\/wp-json\/wp\/v2\/media?parent=17160"}],"wp:term":[{"taxonomy":"category","embeddable":true,"href":"https:\/\/dgospel.com.br\/portal\/index.php\/wp-json\/wp\/v2\/categories?post=17160"},{"taxonomy":"post_tag","embeddable":true,"href":"https:\/\/dgospel.com.br\/portal\/index.php\/wp-json\/wp\/v2\/tags?post=17160"}],"curies":[{"name":"wp","href":"https:\/\/api.w.org\/{rel}","templated":true}]}}