{"id":17163,"date":"2023-09-19T17:58:16","date_gmt":"2023-09-19T20:58:16","guid":{"rendered":"http:\/\/dgospel.com.br\/portal\/?p=17163"},"modified":"2023-09-19T17:58:17","modified_gmt":"2023-09-19T20:58:17","slug":"oposicao-aciona-tcu-por-gastos-de-lula-desrespeito-com-o-povo","status":"publish","type":"post","link":"https:\/\/dgospel.com.br\/portal\/index.php\/2023\/09\/19\/oposicao-aciona-tcu-por-gastos-de-lula-desrespeito-com-o-povo\/","title":{"rendered":"Oposi\u00e7\u00e3o aciona TCU por gastos de Lula: \u201cDesrespeito com o povo\u201d"},"content":{"rendered":"\n<p>Parlamentares de oposi\u00e7\u00e3o ao governo demonstraram indigna\u00e7\u00e3o com os gastos recordes do presidente Luiz In\u00e1cio Lula da Silva (PT) no cart\u00e3o corporativo e acionaram o TCU (Tribunal de Contas da Uni\u00e3o) para apurar as despesas.<\/p>\n\n\n\n<p>Um dos congressistas que se manifestaram foi o deputado federal Ubiratan Sanderson (PL-RS), que focou suas cr\u00edticas nas muitas viagens internacionais que o chefe do Executivo tem feito durante seu terceiro mandato.<\/p>\n\n\n\n<p>\u2013 Nesses oito meses de viagens, desnecess\u00e1rias, Lula d\u00e1 uma mensagem de irresponsabilidade e total falta de respeito com o povo brasileiro. As viagens para exterior, sempre na companhia de Janja, n\u00e3o cessaram nem por ocasi\u00e3o dos desastres clim\u00e1ticos havidos no Rio Grande do Sul, onde 47 pessoas morreram. Lula n\u00e3o se dignou ir l\u00e1 nem mesmo para se solidarizar com as milhares de pessoas desabrigadas \u2013 criticou por meio do X, antigo Twitter.<\/p>\n\n\n\n<p>Na sequ\u00eancia, Sanderson informou j\u00e1 ter acionado o TCU, tal como tamb\u00e9m havia prometido o deputado federal Gustavo Gayer (PL-GO).<\/p>\n\n\n\n<p>\u2013 J\u00e1 levei ao TCU representa\u00e7\u00e3o com solicita\u00e7\u00e3o de investiga\u00e7\u00e3o para apurar a oportunidade e a conveni\u00eancia das viagens, bem como o volume de gastos p\u00fablicos na opera\u00e7\u00e3o dessas intermin\u00e1veis viagens internacionais \u2013 acrescentou Sanderson.<\/p>\n\n\n\n<p>A deputada J\u00falia Zanatta (PL-SC), por sua vez, declarou que o presidente \u201cn\u00e3o pensa na popula\u00e7\u00e3o\u201d na hora de usar seu cart\u00e3o corporativo.<\/p>\n\n\n\n<p>\u2013 VOC\u00ca \u00c9 QUEM PAGA A FATURA. Lula critica a desonera\u00e7\u00e3o e o corte de impostos promovidos por Bolsonaro porque precisa de um caixa cheio para poder gastar. Ele n\u00e3o pensa na popula\u00e7\u00e3o. E os mesmo que criticavam o cart\u00e3o corporativo do Bolsonaro hoje passam pano para a gastan\u00e7a do petista \u2013 observou.<\/p>\n\n\n\n<p>Outro a se posicionar foi o deputado Rodrigo Valadares (Uni\u00e3o-SE), que chamou o l\u00edder do Planalto de \u201cturista\u201d.<\/p>\n\n\n\n<p>\u2013 O Brasil n\u00e3o tem nem Governo e nem presidente. Tem um turista que usa da prerrogativa da fun\u00e7\u00e3o para rodar o mundo \u2013 queixou-se.<\/p>\n\n\n\n<p>Como mostrou o<strong>&nbsp;Pleno.News<\/strong>, nestes primeiros meses de seu terceiro mandato, o presidente Luiz In\u00e1cio Lula da Silva (PT) j\u00e1 gastou mais com cart\u00e3o corporativo que seus antecessores: Jair Bolsonaro (PL), Michel Temer (MDB) e Dilma Rousseff (PT).<\/p>\n\n\n\n<p>Na soma de sete meses, per\u00edodo em que os extratos foram contabilizados, o petista gastou R$ 8 milh\u00f5es. Assim, ele se torna o presidente que mais gastou com cart\u00f5es no ranking. As informa\u00e7\u00f5es s\u00e3o da Folha de S.Paulo.<\/p>\n\n\n\n<p>A m\u00e9dia dos gastos de Lula \u00e9 de R$ 1,1 milh\u00e3o por m\u00eas. Para se ter uma ideia, Bolsonaro gastou em m\u00e9dia R$ 1 milh\u00e3o por m\u00eas, durante todo o per\u00edodo em que esteve no Planalto, enquanto Temer gastou R$ 584 mil, na m\u00e9dia mensal, e Dilma R$ 905 mil.<\/p>\n","protected":false},"excerpt":{"rendered":"<p>Parlamentares de oposi\u00e7\u00e3o ao governo demonstraram indigna\u00e7\u00e3o com os gastos recordes do presidente Luiz In\u00e1cio Lula da Silva (PT) no cart\u00e3o corporativo e acionaram o TCU (Tribunal de Contas da Uni\u00e3o) para apurar as despesas. Um dos congressistas que se manifestaram foi o deputado federal Ubiratan Sanderson (PL-RS), que focou suas cr\u00edticas nas muitas viagens [&hellip;]<\/p>\n","protected":false},"author":2,"featured_media":17164,"comment_status":"open","ping_status":"open","sticky":false,"template":"","format":"standard","meta":[],"categories":[4],"tags":[],"_links":{"self":[{"href":"https:\/\/dgospel.com.br\/portal\/index.php\/wp-json\/wp\/v2\/posts\/17163"}],"collection":[{"href":"https:\/\/dgospel.com.br\/portal\/index.php\/wp-json\/wp\/v2\/posts"}],"about":[{"href":"https:\/\/dgospel.com.br\/portal\/index.php\/wp-json\/wp\/v2\/types\/post"}],"author":[{"embeddable":true,"href":"https:\/\/dgospel.com.br\/portal\/index.php\/wp-json\/wp\/v2\/users\/2"}],"replies":[{"embeddable":true,"href":"https:\/\/dgospel.com.br\/portal\/index.php\/wp-json\/wp\/v2\/comments?post=17163"}],"version-history":[{"count":1,"href":"https:\/\/dgospel.com.br\/portal\/index.php\/wp-json\/wp\/v2\/posts\/17163\/revisions"}],"predecessor-version":[{"id":17165,"href":"https:\/\/dgospel.com.br\/portal\/index.php\/wp-json\/wp\/v2\/posts\/17163\/revisions\/17165"}],"wp:featuredmedia":[{"embeddable":true,"href":"https:\/\/dgospel.com.br\/portal\/index.php\/wp-json\/wp\/v2\/media\/17164"}],"wp:attachment":[{"href":"https:\/\/dgospel.com.br\/portal\/index.php\/wp-json\/wp\/v2\/media?parent=17163"}],"wp:term":[{"taxonomy":"category","embeddable":true,"href":"https:\/\/dgospel.com.br\/portal\/index.php\/wp-json\/wp\/v2\/categories?post=17163"},{"taxonomy":"post_tag","embeddable":true,"href":"https:\/\/dgospel.com.br\/portal\/index.php\/wp-json\/wp\/v2\/tags?post=17163"}],"curies":[{"name":"wp","href":"https:\/\/api.w.org\/{rel}","templated":true}]}}