{"id":17169,"date":"2023-09-20T08:38:48","date_gmt":"2023-09-20T11:38:48","guid":{"rendered":"http:\/\/dgospel.com.br\/portal\/?p=17169"},"modified":"2023-09-20T08:38:49","modified_gmt":"2023-09-20T11:38:49","slug":"comissao-tecnica-do-concurso-da-assembleia-realiza-primeira-reuniao","status":"publish","type":"post","link":"https:\/\/dgospel.com.br\/portal\/index.php\/2023\/09\/20\/comissao-tecnica-do-concurso-da-assembleia-realiza-primeira-reuniao\/","title":{"rendered":"Comiss\u00e3o T\u00e9cnica do concurso da Assembleia realiza primeira reuni\u00e3o"},"content":{"rendered":"\n<p>A Comiss\u00e3o T\u00e9cnica respons\u00e1vel pelas atividades do pr\u00f3ximo concurso Assembleia Legislativa do Tocantins (Aleto), composta por servidores, reuniu-se na manh\u00e3 desta ter\u00e7a-feira, 19, na sala da Presid\u00eancia, com os deputados que comp\u00f5em a Comiss\u00e3o Executiva do certame.<\/p>\n\n\n\n<p>No primeiro encontro, ap\u00f3s o an\u00fancio do concurso no \u00faltimo dia 13, a Comiss\u00e3o T\u00e9cnica &nbsp;presentou propostas para cada fase do concurso, como a data do lan\u00e7amento do edital (prevista para o in\u00edcio de outubro) e para aplica\u00e7\u00e3o das provas (entre 15 a 20 de dezembro\/2023).<\/p>\n\n\n\n<p>Tamb\u00e9m foi proposto que as provas sejam realizadas em pelo menos oito cidades polo do Tocantins (norte a sul), a fim de facilitar o acesso dos candidatos de todo o Estado.<\/p>\n\n\n\n<p>Foi anunciado, ainda, que os 107 aprovados dever\u00e3o tomar posse no primeiro semestre de 2024. A validade do concurso \u00e9 de dois anos, podendo ser prorrogada por mais dois, per\u00edodo em que outros classificados poder\u00e3o ser chamados, conforme a necessidade de vagas e or\u00e7amento financeiro desta Casa de Leis.<\/p>\n\n\n\n<p>O presidente da Assembleia e da Comiss\u00e3o Executiva, Am\u00e9lio Cayres (Republicanos), determinou aos integrantes da Comiss\u00e3o T\u00e9cnica rigor no tr\u00e2mite legal do certame, a fim de evitar qualquer tipo de questionamento quanto \u00e0 sua lisura em todas as fases do processo.<\/p>\n\n\n\n<p><strong>Organiza\u00e7\u00e3o<\/strong><\/p>\n\n\n\n<p>Comiss\u00e3o Executiva:&nbsp; Am\u00e9lio Cayres (Republicanos) presidente; Vilmar de Oliveira (SD), primeiro secret\u00e1rio e a deputada Professora Janad Valcari (PL), segunda secret\u00e1ria.<\/p>\n\n\n\n<p>Comiss\u00e3o T\u00e9cnica: Ant\u00f4nio Lopes Braga J\u00fanior, Diretor de \u00c1rea Administrativa (Dirad); Alcir Raineri Filho, Procurador-Geral; Irisfran de Sousa Pereira, Diretor Geral (DIREG) e Regismarques Soares Camar\u00e7o, Diretor de Pessoal (Dipes).<\/p>\n","protected":false},"excerpt":{"rendered":"<p>A Comiss\u00e3o T\u00e9cnica respons\u00e1vel pelas atividades do pr\u00f3ximo concurso Assembleia Legislativa do Tocantins (Aleto), composta por servidores, reuniu-se na manh\u00e3 desta ter\u00e7a-feira, 19, na sala da Presid\u00eancia, com os deputados que comp\u00f5em a Comiss\u00e3o Executiva do certame. No primeiro encontro, ap\u00f3s o an\u00fancio do concurso no \u00faltimo dia 13, a Comiss\u00e3o T\u00e9cnica &nbsp;presentou propostas para [&hellip;]<\/p>\n","protected":false},"author":2,"featured_media":17170,"comment_status":"open","ping_status":"open","sticky":false,"template":"","format":"standard","meta":[],"categories":[8],"tags":[13],"_links":{"self":[{"href":"https:\/\/dgospel.com.br\/portal\/index.php\/wp-json\/wp\/v2\/posts\/17169"}],"collection":[{"href":"https:\/\/dgospel.com.br\/portal\/index.php\/wp-json\/wp\/v2\/posts"}],"about":[{"href":"https:\/\/dgospel.com.br\/portal\/index.php\/wp-json\/wp\/v2\/types\/post"}],"author":[{"embeddable":true,"href":"https:\/\/dgospel.com.br\/portal\/index.php\/wp-json\/wp\/v2\/users\/2"}],"replies":[{"embeddable":true,"href":"https:\/\/dgospel.com.br\/portal\/index.php\/wp-json\/wp\/v2\/comments?post=17169"}],"version-history":[{"count":1,"href":"https:\/\/dgospel.com.br\/portal\/index.php\/wp-json\/wp\/v2\/posts\/17169\/revisions"}],"predecessor-version":[{"id":17171,"href":"https:\/\/dgospel.com.br\/portal\/index.php\/wp-json\/wp\/v2\/posts\/17169\/revisions\/17171"}],"wp:featuredmedia":[{"embeddable":true,"href":"https:\/\/dgospel.com.br\/portal\/index.php\/wp-json\/wp\/v2\/media\/17170"}],"wp:attachment":[{"href":"https:\/\/dgospel.com.br\/portal\/index.php\/wp-json\/wp\/v2\/media?parent=17169"}],"wp:term":[{"taxonomy":"category","embeddable":true,"href":"https:\/\/dgospel.com.br\/portal\/index.php\/wp-json\/wp\/v2\/categories?post=17169"},{"taxonomy":"post_tag","embeddable":true,"href":"https:\/\/dgospel.com.br\/portal\/index.php\/wp-json\/wp\/v2\/tags?post=17169"}],"curies":[{"name":"wp","href":"https:\/\/api.w.org\/{rel}","templated":true}]}}