{"id":17172,"date":"2023-09-20T08:42:37","date_gmt":"2023-09-20T11:42:37","guid":{"rendered":"http:\/\/dgospel.com.br\/portal\/?p=17172"},"modified":"2023-09-20T11:21:12","modified_gmt":"2023-09-20T14:21:12","slug":"deputado-general-girao-registra-bo-contra-dino-por-agressao","status":"publish","type":"post","link":"https:\/\/dgospel.com.br\/portal\/index.php\/2023\/09\/20\/deputado-general-girao-registra-bo-contra-dino-por-agressao\/","title":{"rendered":"Deputado General Gir\u00e3o registra BO contra Dino por agress\u00e3o"},"content":{"rendered":"\n<p>O deputado federal General Gir\u00e3o (PL-RN) afirmou que foi agredido pelo ministro da Justi\u00e7a, Fl\u00e1vio Dino, no dia 14 de setembro no Aeroporto Santos Dumont, no Rio de Janeiro, e registrou um boletim de ocorr\u00eancia contra ele.<\/p>\n\n\n\n<p>Gir\u00e3o conta no BO que o caso aconteceu por volta das 21h, quando Dino, acompanhado de seus seguran\u00e7as particulares e agentes da Pol\u00edcia Federal, tentou intimid\u00e1-lo.<\/p>\n\n\n\n<p>O documento diz que os pol\u00edticos entraram em vias de fato e o ministro lhe deferiu agress\u00f5es no t\u00f3rax.<\/p>\n\n\n\n<p>A assessoria de Fl\u00e1vio Dino nega as agress\u00f5es e diz que o deputado proferiu xingamentos contra ele.<\/p>\n\n\n\n<p>\u2013 O ministro Fl\u00e1vio Dino nega agress\u00f5es f\u00edsicas. Pelo contr\u00e1rio, diante de xingamentos proferidos pelo citado senhor, que o Ministro n\u00e3o conhecia, a rea\u00e7\u00e3o foi aproximar-se e pedir para o agressor deixar de ser mal-educado e grosseiro. H\u00e1 v\u00e1rias testemunhas \u2013 diz a nota enviada para o Metr\u00f3poles.<\/p>\n","protected":false},"excerpt":{"rendered":"<p>O deputado federal General Gir\u00e3o (PL-RN) afirmou que foi agredido pelo ministro da Justi\u00e7a, Fl\u00e1vio Dino, no dia 14 de setembro no Aeroporto Santos Dumont, no Rio de Janeiro, e registrou um boletim de ocorr\u00eancia contra ele. Gir\u00e3o conta no BO que o caso aconteceu por volta das 21h, quando Dino, acompanhado de seus seguran\u00e7as [&hellip;]<\/p>\n","protected":false},"author":2,"featured_media":17192,"comment_status":"open","ping_status":"open","sticky":false,"template":"","format":"standard","meta":[],"categories":[10],"tags":[],"_links":{"self":[{"href":"https:\/\/dgospel.com.br\/portal\/index.php\/wp-json\/wp\/v2\/posts\/17172"}],"collection":[{"href":"https:\/\/dgospel.com.br\/portal\/index.php\/wp-json\/wp\/v2\/posts"}],"about":[{"href":"https:\/\/dgospel.com.br\/portal\/index.php\/wp-json\/wp\/v2\/types\/post"}],"author":[{"embeddable":true,"href":"https:\/\/dgospel.com.br\/portal\/index.php\/wp-json\/wp\/v2\/users\/2"}],"replies":[{"embeddable":true,"href":"https:\/\/dgospel.com.br\/portal\/index.php\/wp-json\/wp\/v2\/comments?post=17172"}],"version-history":[{"count":1,"href":"https:\/\/dgospel.com.br\/portal\/index.php\/wp-json\/wp\/v2\/posts\/17172\/revisions"}],"predecessor-version":[{"id":17174,"href":"https:\/\/dgospel.com.br\/portal\/index.php\/wp-json\/wp\/v2\/posts\/17172\/revisions\/17174"}],"wp:featuredmedia":[{"embeddable":true,"href":"https:\/\/dgospel.com.br\/portal\/index.php\/wp-json\/wp\/v2\/media\/17192"}],"wp:attachment":[{"href":"https:\/\/dgospel.com.br\/portal\/index.php\/wp-json\/wp\/v2\/media?parent=17172"}],"wp:term":[{"taxonomy":"category","embeddable":true,"href":"https:\/\/dgospel.com.br\/portal\/index.php\/wp-json\/wp\/v2\/categories?post=17172"},{"taxonomy":"post_tag","embeddable":true,"href":"https:\/\/dgospel.com.br\/portal\/index.php\/wp-json\/wp\/v2\/tags?post=17172"}],"curies":[{"name":"wp","href":"https:\/\/api.w.org\/{rel}","templated":true}]}}