{"id":17175,"date":"2023-09-20T08:48:17","date_gmt":"2023-09-20T11:48:17","guid":{"rendered":"http:\/\/dgospel.com.br\/portal\/?p=17175"},"modified":"2023-09-25T09:41:56","modified_gmt":"2023-09-25T12:41:56","slug":"grammy-latino-divulga-lista-de-indicados-confira","status":"publish","type":"post","link":"https:\/\/dgospel.com.br\/portal\/index.php\/2023\/09\/20\/grammy-latino-divulga-lista-de-indicados-confira\/","title":{"rendered":"Grammy Latino divulga lista de indicados; confira"},"content":{"rendered":"\n<p>Nesta ter\u00e7a-feira (19), o Grammy Latino anunciou os indicados de 2023. Entre as 56 categorias da premia\u00e7\u00e3o, h\u00e1 uma dedicada \u00e0 m\u00fasica crist\u00e3 cantada em portugu\u00eas.<\/p>\n\n\n\n<p>Na categoria Melhor \u00c1lbum de M\u00fasica Crist\u00e3 em L\u00edngua Portuguesa cinco artistas brasileiros tiveram seus \u00e1lbuns indicados:<\/p>\n\n\n\n<ul><li>Aline Barros \u2013&nbsp;<em>30 Anos Volume 1<\/em><\/li><li>Casa Worship \u2013&nbsp;<em>Novo Tempo<\/em><\/li><li>Fernandinho \u2013&nbsp;<em>\u00danico<\/em><\/li><li>Preto no Branco \u2013&nbsp;<em>Preto no Branco Vertical<\/em><\/li><li>Eli Soares \u2013&nbsp;<em>N\u00f3s<\/em><\/li><\/ul>\n\n\n\n<p>Nesta lista, est\u00e3o dois artistas que j\u00e1 ganharam o Grammy em outras edi\u00e7\u00f5es. Eli Soares foi o grande vencedor da categoria em 2022, com o \u00e1lbum&nbsp;<em>Laborat\u00f3rio do Groove<\/em>.<\/p>\n\n\n\n<p>J\u00e1 a cantora Aline Barros \u00e9 a artista crist\u00e3 brasileira com mais pr\u00eamios do Grammy Latino. S\u00e3o oito vit\u00f3rias no total, sendo a \u00faltima delas datada de 2020, com o \u00e1lbum&nbsp;<em>Reino<\/em>.<\/p>\n\n\n\n<p>A premia\u00e7\u00e3o tamb\u00e9m contempla artistas crist\u00e3os que gravam em espanhol e a lista da categoria Melhor \u00c1lbum de M\u00fasica Crist\u00e3 em L\u00edngua Espanhola \u00e9:<\/p>\n\n\n\n<ul><li>Barak \u2013&nbsp;<em>Fuego &amp; Poder<\/em><\/li><li>Alex Campos \u2013&nbsp;<em>Vida<\/em><\/li><li>Gilberto Daza &amp; Sergio Luis Rodriguez \u2013&nbsp;<em>El Vallenato Se Hizo en el Cielo<\/em><\/li><li>Jes\u00fas Israel \u2013&nbsp;<em>Hazme Caminar<\/em><\/li><li>Jes\u00fas Adri\u00e1n Romero \u2013&nbsp;<em>El Cielo A\u00fan Espera<\/em><\/li><li>Marcos Vidal \u2013&nbsp;<em>Lo que Vemos<\/em><\/li><\/ul>\n","protected":false},"excerpt":{"rendered":"<p>Nesta ter\u00e7a-feira (19), o Grammy Latino anunciou os indicados de 2023. Entre as 56 categorias da premia\u00e7\u00e3o, h\u00e1 uma dedicada \u00e0 m\u00fasica crist\u00e3 cantada em portugu\u00eas. Na categoria Melhor \u00c1lbum de M\u00fasica Crist\u00e3 em L\u00edngua Portuguesa cinco artistas brasileiros tiveram seus \u00e1lbuns indicados: Aline Barros \u2013&nbsp;30 Anos Volume 1 Casa Worship \u2013&nbsp;Novo Tempo Fernandinho \u2013&nbsp;\u00danico [&hellip;]<\/p>\n","protected":false},"author":2,"featured_media":17176,"comment_status":"open","ping_status":"open","sticky":false,"template":"","format":"standard","meta":[],"categories":[5,1],"tags":[],"_links":{"self":[{"href":"https:\/\/dgospel.com.br\/portal\/index.php\/wp-json\/wp\/v2\/posts\/17175"}],"collection":[{"href":"https:\/\/dgospel.com.br\/portal\/index.php\/wp-json\/wp\/v2\/posts"}],"about":[{"href":"https:\/\/dgospel.com.br\/portal\/index.php\/wp-json\/wp\/v2\/types\/post"}],"author":[{"embeddable":true,"href":"https:\/\/dgospel.com.br\/portal\/index.php\/wp-json\/wp\/v2\/users\/2"}],"replies":[{"embeddable":true,"href":"https:\/\/dgospel.com.br\/portal\/index.php\/wp-json\/wp\/v2\/comments?post=17175"}],"version-history":[{"count":2,"href":"https:\/\/dgospel.com.br\/portal\/index.php\/wp-json\/wp\/v2\/posts\/17175\/revisions"}],"predecessor-version":[{"id":17217,"href":"https:\/\/dgospel.com.br\/portal\/index.php\/wp-json\/wp\/v2\/posts\/17175\/revisions\/17217"}],"wp:featuredmedia":[{"embeddable":true,"href":"https:\/\/dgospel.com.br\/portal\/index.php\/wp-json\/wp\/v2\/media\/17176"}],"wp:attachment":[{"href":"https:\/\/dgospel.com.br\/portal\/index.php\/wp-json\/wp\/v2\/media?parent=17175"}],"wp:term":[{"taxonomy":"category","embeddable":true,"href":"https:\/\/dgospel.com.br\/portal\/index.php\/wp-json\/wp\/v2\/categories?post=17175"},{"taxonomy":"post_tag","embeddable":true,"href":"https:\/\/dgospel.com.br\/portal\/index.php\/wp-json\/wp\/v2\/tags?post=17175"}],"curies":[{"name":"wp","href":"https:\/\/api.w.org\/{rel}","templated":true}]}}