{"id":17178,"date":"2023-09-20T08:58:12","date_gmt":"2023-09-20T11:58:12","guid":{"rendered":"http:\/\/dgospel.com.br\/portal\/?p=17178"},"modified":"2023-09-20T11:25:11","modified_gmt":"2023-09-20T14:25:11","slug":"dino-sera-denunciado-no-tribunal-de-haia-por-crime-de-guerra","status":"publish","type":"post","link":"https:\/\/dgospel.com.br\/portal\/index.php\/2023\/09\/20\/dino-sera-denunciado-no-tribunal-de-haia-por-crime-de-guerra\/","title":{"rendered":"Dino ser\u00e1 denunciado no Tribunal de Haia por crime de guerra"},"content":{"rendered":"\n<p>O senador Jorge Seif (PL-SC) adiantou, durante uma entrevista, que o ministro da Justi\u00e7a, Fl\u00e1vio Dino, ser\u00e1 denunciado no Tribunal Penal Internacional, de Haia, na Holanda.<\/p>\n\n\n\n<p>A den\u00fancia ser\u00e1 pelo crime de guerra por causa da pris\u00e3o de 1.300 manifestantes que estavam em Bras\u00edlia no dia 8 de janeiro, quando as sedes dos Tr\u00eas Poderes foram invadidas e depredadas.<\/p>\n\n\n\n<p>A a\u00e7\u00e3o \u00e9 encabe\u00e7ada pela oposi\u00e7\u00e3o e envolver\u00e1 tamb\u00e9m den\u00fancias contra o presidente Luiz In\u00e1cio Lula da Silva (PT) e o general Gustavo Henrique Dutra de Menezes, ex-chefe do Comando Militar do Planalto.<\/p>\n\n\n\n<p>Seif anunciou ainda que a oposi\u00e7\u00e3o ir\u00e1 ao Superior Tribunal de Justi\u00e7a (STJ) para ter um mandado de seguran\u00e7a contra o ministro Dino para exigir que as imagens do Minist\u00e9rio da Justi\u00e7a sejam entregues para a Comiss\u00e3o Parlamentar Mista de Inqu\u00e9rito (CPMI).<\/p>\n\n\n\n<p>O parlamentar disse que n\u00e3o ficar\u00e1 s\u00f3 nisso, outros tribunais internacionais tamb\u00e9m ser\u00e3o acionados para que o mundo saiba a inseguran\u00e7a que h\u00e1 no Brasil.<\/p>\n\n\n\n<p>\u2013 Vamos colocar a boca no trombone! \u2013 garantiu Seif ao programa&nbsp;<em>Raio X da Pol\u00edtica<\/em>, no canal Fator Pol\u00edtico do YouTube.<\/p>\n\n\n\n<p><strong>Assista:<\/strong><\/p>\n\n\n\n<p><a href=\"https:\/\/www.instagram.com\/p\/CxY6xMrpYcV\/\">https:\/\/www.instagram.com\/p\/CxY6xMrpYcV\/<\/a><\/p>\n","protected":false},"excerpt":{"rendered":"<p>O senador Jorge Seif (PL-SC) adiantou, durante uma entrevista, que o ministro da Justi\u00e7a, Fl\u00e1vio Dino, ser\u00e1 denunciado no Tribunal Penal Internacional, de Haia, na Holanda. A den\u00fancia ser\u00e1 pelo crime de guerra por causa da pris\u00e3o de 1.300 manifestantes que estavam em Bras\u00edlia no dia 8 de janeiro, quando as sedes dos Tr\u00eas Poderes [&hellip;]<\/p>\n","protected":false},"author":2,"featured_media":17193,"comment_status":"open","ping_status":"open","sticky":false,"template":"","format":"standard","meta":[],"categories":[4],"tags":[],"_links":{"self":[{"href":"https:\/\/dgospel.com.br\/portal\/index.php\/wp-json\/wp\/v2\/posts\/17178"}],"collection":[{"href":"https:\/\/dgospel.com.br\/portal\/index.php\/wp-json\/wp\/v2\/posts"}],"about":[{"href":"https:\/\/dgospel.com.br\/portal\/index.php\/wp-json\/wp\/v2\/types\/post"}],"author":[{"embeddable":true,"href":"https:\/\/dgospel.com.br\/portal\/index.php\/wp-json\/wp\/v2\/users\/2"}],"replies":[{"embeddable":true,"href":"https:\/\/dgospel.com.br\/portal\/index.php\/wp-json\/wp\/v2\/comments?post=17178"}],"version-history":[{"count":1,"href":"https:\/\/dgospel.com.br\/portal\/index.php\/wp-json\/wp\/v2\/posts\/17178\/revisions"}],"predecessor-version":[{"id":17180,"href":"https:\/\/dgospel.com.br\/portal\/index.php\/wp-json\/wp\/v2\/posts\/17178\/revisions\/17180"}],"wp:featuredmedia":[{"embeddable":true,"href":"https:\/\/dgospel.com.br\/portal\/index.php\/wp-json\/wp\/v2\/media\/17193"}],"wp:attachment":[{"href":"https:\/\/dgospel.com.br\/portal\/index.php\/wp-json\/wp\/v2\/media?parent=17178"}],"wp:term":[{"taxonomy":"category","embeddable":true,"href":"https:\/\/dgospel.com.br\/portal\/index.php\/wp-json\/wp\/v2\/categories?post=17178"},{"taxonomy":"post_tag","embeddable":true,"href":"https:\/\/dgospel.com.br\/portal\/index.php\/wp-json\/wp\/v2\/tags?post=17178"}],"curies":[{"name":"wp","href":"https:\/\/api.w.org\/{rel}","templated":true}]}}