{"id":17181,"date":"2023-09-20T09:21:22","date_gmt":"2023-09-20T12:21:22","guid":{"rendered":"http:\/\/dgospel.com.br\/portal\/?p=17181"},"modified":"2023-09-25T09:39:59","modified_gmt":"2023-09-25T12:39:59","slug":"governador-do-df-ibaneis-rocha-assina-escrituras-para-templos-religiosos-e-assistenciais","status":"publish","type":"post","link":"https:\/\/dgospel.com.br\/portal\/index.php\/2023\/09\/20\/governador-do-df-ibaneis-rocha-assina-escrituras-para-templos-religiosos-e-assistenciais\/","title":{"rendered":"Governador do DF, Ibaneis Rocha, assina escrituras para templos religiosos e assistenciais"},"content":{"rendered":"\n<p>Nesta ter\u00e7a-feira (19), o Pal\u00e1cio do Buriti foi palco da assinatura de 30 escrituras p\u00fablicas concedidas pelo governador do Distrito Federal, Ibaneis Rocha (MDB), a igrejas, templos e entidades assistenciais de ocupa\u00e7\u00e3o hist\u00f3rica. O evento reuniu l\u00edderes religiosos, representantes das institui\u00e7\u00f5es beneficiadas e figuras pol\u00edticas.<\/p>\n\n\n\n<p><a href=\"https:\/\/www.assembleia.pr.leg.br\/assembleia-itinerante\/sugestao-de-melhorias-para-sua-cidade\" target=\"_blank\" rel=\"noreferrer noopener\"><\/a><\/p>\n\n\n\n<p>Ibaneis Rocha destacou a rela\u00e7\u00e3o do GDF com as entidades religiosas: \u201cUma cidade precisa ser aben\u00e7oada e tem que estar em primeiro lugar com as religi\u00f5es. A gente trabalha de forma harm\u00f4nica com todos\u201d. Ele assegurou que mais escrituras ser\u00e3o concedidas em breve, principalmente para amparar as comunidades carentes.<\/p>\n\n\n\n<p>A concess\u00e3o, validada pela Ag\u00eancia de Desenvolvimento do Distrito Federal (Terracap), se traduz em uso gratuito para as entidades que prestam servi\u00e7os a grupos vulner\u00e1veis. Leonardo Mundim, diretor de Regulariza\u00e7\u00e3o Social e Desenvolvimento Econ\u00f4mico, ressaltou o comprometimento do governo com a regulariza\u00e7\u00e3o, afirmando que os resultados esperados \u201cest\u00e3o acontecendo\u201d.<\/p>\n\n\n\n<p>O projeto se baseia na Lei Complementar n\u00ba 806 de 2009 e ganhou impulso com o lan\u00e7amento do Programa Igreja Legal em 2019. At\u00e9 o momento, 333 im\u00f3veis foram regularizados.<\/p>\n\n\n\n<p>As entidades t\u00eam op\u00e7\u00f5es distintas de aquisi\u00e7\u00e3o. Uma delas \u00e9 a compra direta, com parcelamento anual corrigido pelo IPCA. Outra \u00e9 a Concess\u00e3o de Direito Real de Uso, com op\u00e7\u00e3o de pagamento mensal ou em moeda social.<\/p>\n\n\n\n<p>Na op\u00e7\u00e3o \u201cMoeda Social\u201d, a entidade se compromete a desenvolver projetos voltados a grupos vulner\u00e1veis. Caso comprovem a presta\u00e7\u00e3o de servi\u00e7os para essas comunidades, a concess\u00e3o do direito de uso torna-se gratuita.<\/p>\n\n\n\n<p>Outra novidade apresentada foi a Campanha de Renegocia\u00e7\u00e3o de Lotes da Terracap. Ela permitir\u00e1 a entidades religiosas e assistenciais que compraram lotes estender o prazo de pagamento de 240 para at\u00e9 360 meses, com corre\u00e7\u00f5es anuais pelo IPCA e sem juros.<\/p>\n","protected":false},"excerpt":{"rendered":"<p>Nesta ter\u00e7a-feira (19), o Pal\u00e1cio do Buriti foi palco da assinatura de 30 escrituras p\u00fablicas concedidas pelo governador do Distrito Federal, Ibaneis Rocha (MDB), a igrejas, templos e entidades assistenciais de ocupa\u00e7\u00e3o hist\u00f3rica. O evento reuniu l\u00edderes religiosos, representantes das institui\u00e7\u00f5es beneficiadas e figuras pol\u00edticas. Ibaneis Rocha destacou a rela\u00e7\u00e3o do GDF com as entidades [&hellip;]<\/p>\n","protected":false},"author":2,"featured_media":17182,"comment_status":"open","ping_status":"open","sticky":false,"template":"","format":"standard","meta":[],"categories":[11,12],"tags":[],"_links":{"self":[{"href":"https:\/\/dgospel.com.br\/portal\/index.php\/wp-json\/wp\/v2\/posts\/17181"}],"collection":[{"href":"https:\/\/dgospel.com.br\/portal\/index.php\/wp-json\/wp\/v2\/posts"}],"about":[{"href":"https:\/\/dgospel.com.br\/portal\/index.php\/wp-json\/wp\/v2\/types\/post"}],"author":[{"embeddable":true,"href":"https:\/\/dgospel.com.br\/portal\/index.php\/wp-json\/wp\/v2\/users\/2"}],"replies":[{"embeddable":true,"href":"https:\/\/dgospel.com.br\/portal\/index.php\/wp-json\/wp\/v2\/comments?post=17181"}],"version-history":[{"count":1,"href":"https:\/\/dgospel.com.br\/portal\/index.php\/wp-json\/wp\/v2\/posts\/17181\/revisions"}],"predecessor-version":[{"id":17183,"href":"https:\/\/dgospel.com.br\/portal\/index.php\/wp-json\/wp\/v2\/posts\/17181\/revisions\/17183"}],"wp:featuredmedia":[{"embeddable":true,"href":"https:\/\/dgospel.com.br\/portal\/index.php\/wp-json\/wp\/v2\/media\/17182"}],"wp:attachment":[{"href":"https:\/\/dgospel.com.br\/portal\/index.php\/wp-json\/wp\/v2\/media?parent=17181"}],"wp:term":[{"taxonomy":"category","embeddable":true,"href":"https:\/\/dgospel.com.br\/portal\/index.php\/wp-json\/wp\/v2\/categories?post=17181"},{"taxonomy":"post_tag","embeddable":true,"href":"https:\/\/dgospel.com.br\/portal\/index.php\/wp-json\/wp\/v2\/tags?post=17181"}],"curies":[{"name":"wp","href":"https:\/\/api.w.org\/{rel}","templated":true}]}}