{"id":17188,"date":"2023-09-20T10:55:26","date_gmt":"2023-09-20T13:55:26","guid":{"rendered":"http:\/\/dgospel.com.br\/portal\/?p=17188"},"modified":"2023-09-25T10:33:30","modified_gmt":"2023-09-25T13:33:30","slug":"governador-wanderlei-barbosa-faz-balanco-da-gestao-e-alinha-novas-acoes-com-secretariado","status":"publish","type":"post","link":"https:\/\/dgospel.com.br\/portal\/index.php\/2023\/09\/20\/governador-wanderlei-barbosa-faz-balanco-da-gestao-e-alinha-novas-acoes-com-secretariado\/","title":{"rendered":"Governador Wanderlei Barbosa faz balan\u00e7o da gest\u00e3o e alinha novas a\u00e7\u00f5es com secretariado"},"content":{"rendered":"\n<p>O governador&nbsp; do Tocantins, Wanderlei Barbosa, realizou uma reuni\u00e3o administrativa com secret\u00e1rios e presidentes de autarquias nessa ter\u00e7a-feira, 19, no Pal\u00e1cio Araguaia Governador Jos\u00e9 Wilson Siqueira Campos, em Palmas, para balan\u00e7o dos trabalhos desenvolvidos nos dois primeiros quadrimestres de 2023 e alinhar novas a\u00e7\u00f5es a serem executadas pelas pastas do Executivo Estadual, como a programa\u00e7\u00e3o dos 35 anos do Tocantins.<\/p>\n\n\n\n<p>Durante a reuni\u00e3o, o Governador ressaltou a import\u00e2ncia do trabalho de todas as pastas do Governo do Tocantins para atender \u00e0s demandas da administra\u00e7\u00e3o p\u00fablica de forma eficaz, enfatizou a necessidade de alinhamento estrat\u00e9gico e da coopera\u00e7\u00e3o intersecretarial na implementa\u00e7\u00e3o de pol\u00edticas que promovam avan\u00e7os na gest\u00e3o. &#8220;Na nossa equipe de Governo temos pessoas que confiamos para fazer o melhor para os tocantinenses e agrade\u00e7o pelo trabalho dedicado e resultados alcan\u00e7ados. Foram feitos os demonstrativos de todas as \u00e1reas, do que foi realizado at\u00e9 aqui, dos indicadores alcan\u00e7ados e do que precisamos fazer&#8221;, ressaltou o Governador.<\/p>\n\n\n\n<p>Realizamos o balan\u00e7o administrativo dos dois primeiros quadrimestres e um planejamento das principais a\u00e7\u00f5es para fechar o terceiro quadrimestre, discutimos durante a reuni\u00e3o sobre governan\u00e7a, monitoramento de gest\u00e3o, presta\u00e7\u00f5es de contas e os resultados do Plano Plurianual (PPA), para prepararmos a Lei Or\u00e7ament\u00e1ria Anual (LOA) e a Lei de Diretrizes Or\u00e7ament\u00e1rias (LDO)&#8221;, ressaltou o secret\u00e1rio-chefe da Casa Civil, Deocleciano Gomes.<\/p>\n\n\n\n<p>O Secret\u00e1rio-chefe da Casal Civil apontou ainda outra quest\u00e3o discutida na reuni\u00e3o que foi a boa avalia\u00e7\u00e3o do Governo do Tocantins referente ao seu desempenho fiscal. &#8220;Ficou claro no encontro que a gest\u00e3o Wanderlei Barbosa tem muito o que comemorar, j\u00e1 que possui a melhor avalia\u00e7\u00e3o do pa\u00eds entre os governadores e tamb\u00e9m se encontra bem classificada no Tesouro Nacional&#8221;. Deocleciano Gomes ressaltou que a gest\u00e3o pretende continuar com o trabalho rigoroso na manuten\u00e7\u00e3o de sua nota referente \u00e0 sua Capacidade de Pagamento (Capag), que hoje se encontra como B, para que no pr\u00f3ximo ano consiga a classifica\u00e7\u00e3o A.<\/p>\n\n\n\n<p>Para o secret\u00e1rio de Estado do Planejamento e Or\u00e7amento, Sergislei Silva de Moura, o encontro foi importante para o alinhamento da gest\u00e3o, fazendo uma apresenta\u00e7\u00e3o da execu\u00e7\u00e3o or\u00e7ament\u00e1ria com previs\u00e3o de receita e despesa. &#8220;Foi uma demonstra\u00e7\u00e3o de como o Governo do Tocantins se encontra, sua capacidade de investimento, e de como planeja encerrar o exerc\u00edcio de 2023&#8221;, esclareceu, ao apontar tamb\u00e9m que o Estado hoje se mant\u00e9m regular e cauteloso em rela\u00e7\u00e3o ao equil\u00edbrio fiscal de suas contas.<\/p>\n\n\n\n<p><img src=\"https:\/\/central.to.gov.br\/image\/347559?w=670&amp;h=383\"><\/p>\n\n\n\n<p>Secret\u00e1rio de Estado do Planejamento e Or\u00e7amento, Sergislei Silva de Moura, ressaltou a import\u00e2ncia do equil\u00edbrio fiscal do Estado do Tocantins &#8211; Adilvan Nogueira\/Governo do Tocantins&nbsp;<\/p>\n\n\n\n<p><img src=\"https:\/\/central.to.gov.br\/image\/347557?w=670&amp;h=383\"><\/p>\n\n\n\n<p>Secret\u00e1rio-chefe da Casa Civil, Deocleciano Gomes Filho, destacou os pontos apresentados no encontro, como a boa avalia\u00e7\u00e3o do Governo &#8211; Esequias Ara\u00fajo\/Governo do Tocantins<\/p>\n\n\n\n<p><img src=\"https:\/\/central.to.gov.br\/image\/347558?w=670&amp;h=383\"><\/p>\n\n\n\n<p>Reuni\u00e3o administrativa visou fazer um balan\u00e7o dos trabalhos desenvolvidos e alinhar novas a\u00e7\u00f5es a serem executadas pelas pastas do Executivo Estadual &#8211; Adilvan Nogueira\/Governo do Tocantins&nbsp;<\/p>\n\n\n\n<p><img src=\"https:\/\/central.to.gov.br\/image\/347555?w=670&amp;h=383\"><\/p>\n\n\n\n<p>Governador ressaltou a import\u00e2ncia do trabalho de todas as pastas do Governo do Tocantins para atender \u00e0s demandas da administra\u00e7\u00e3o p\u00fablica de forma eficaz &#8211; Adilvan Nogueira\/Governo do Tocantins<\/p>\n","protected":false},"excerpt":{"rendered":"<p>O governador&nbsp; do Tocantins, Wanderlei Barbosa, realizou uma reuni\u00e3o administrativa com secret\u00e1rios e presidentes de autarquias nessa ter\u00e7a-feira, 19, no Pal\u00e1cio Araguaia Governador Jos\u00e9 Wilson Siqueira Campos, em Palmas, para balan\u00e7o dos trabalhos desenvolvidos nos dois primeiros quadrimestres de 2023 e alinhar novas a\u00e7\u00f5es a serem executadas pelas pastas do Executivo Estadual, como a programa\u00e7\u00e3o [&hellip;]<\/p>\n","protected":false},"author":2,"featured_media":17190,"comment_status":"open","ping_status":"open","sticky":false,"template":"","format":"standard","meta":[],"categories":[3],"tags":[13],"_links":{"self":[{"href":"https:\/\/dgospel.com.br\/portal\/index.php\/wp-json\/wp\/v2\/posts\/17188"}],"collection":[{"href":"https:\/\/dgospel.com.br\/portal\/index.php\/wp-json\/wp\/v2\/posts"}],"about":[{"href":"https:\/\/dgospel.com.br\/portal\/index.php\/wp-json\/wp\/v2\/types\/post"}],"author":[{"embeddable":true,"href":"https:\/\/dgospel.com.br\/portal\/index.php\/wp-json\/wp\/v2\/users\/2"}],"replies":[{"embeddable":true,"href":"https:\/\/dgospel.com.br\/portal\/index.php\/wp-json\/wp\/v2\/comments?post=17188"}],"version-history":[{"count":2,"href":"https:\/\/dgospel.com.br\/portal\/index.php\/wp-json\/wp\/v2\/posts\/17188\/revisions"}],"predecessor-version":[{"id":17215,"href":"https:\/\/dgospel.com.br\/portal\/index.php\/wp-json\/wp\/v2\/posts\/17188\/revisions\/17215"}],"wp:featuredmedia":[{"embeddable":true,"href":"https:\/\/dgospel.com.br\/portal\/index.php\/wp-json\/wp\/v2\/media\/17190"}],"wp:attachment":[{"href":"https:\/\/dgospel.com.br\/portal\/index.php\/wp-json\/wp\/v2\/media?parent=17188"}],"wp:term":[{"taxonomy":"category","embeddable":true,"href":"https:\/\/dgospel.com.br\/portal\/index.php\/wp-json\/wp\/v2\/categories?post=17188"},{"taxonomy":"post_tag","embeddable":true,"href":"https:\/\/dgospel.com.br\/portal\/index.php\/wp-json\/wp\/v2\/tags?post=17188"}],"curies":[{"name":"wp","href":"https:\/\/api.w.org\/{rel}","templated":true}]}}