{"id":17197,"date":"2023-09-21T16:12:53","date_gmt":"2023-09-21T19:12:53","guid":{"rendered":"http:\/\/dgospel.com.br\/portal\/?p=17197"},"modified":"2023-09-21T16:12:55","modified_gmt":"2023-09-21T19:12:55","slug":"mp-de-sao-paulo-vai-ao-stf-contra-decisao-de-toffoli-sobre-lava-jato","status":"publish","type":"post","link":"https:\/\/dgospel.com.br\/portal\/index.php\/2023\/09\/21\/mp-de-sao-paulo-vai-ao-stf-contra-decisao-de-toffoli-sobre-lava-jato\/","title":{"rendered":"MP de S\u00e3o Paulo vai ao STF contra decis\u00e3o de Toffoli sobre Lava Jato"},"content":{"rendered":"\n<p>O Minist\u00e9rio P\u00fablico de&nbsp;<a href=\"http:\/\/pleno.news\/tag\/sao-paulo\" target=\"_blank\" rel=\"noreferrer noopener\">S\u00e3o Paulo<\/a>&nbsp;(MP-SP) entrou nesta quarta-feira (20) com um recurso no Supremo Tribunal Federal (<a href=\"http:\/\/pleno.news\/tag\/stf\" target=\"_blank\" rel=\"noreferrer noopener\">STF<\/a>) para tentar reverter a decis\u00e3o do ministro Dias Toffoli que anulou provas do acordo de leni\u00eancia da Odebrecht. O procurador-geral de Justi\u00e7a do Estado, Mario Luiz Sarrubbo, afirma que as provas foram usadas em \u201cdiversas a\u00e7\u00f5es e investiga\u00e7\u00f5es\u201d que agora est\u00e3o em xeque.<\/p>\n\n\n\n<p>No recurso, Sarrubbo sugere dois caminhos: que Toffoli reconsidere a pr\u00f3pria decis\u00e3o ou envie o caso para an\u00e1lise no Plen\u00e1rio do STF. O principal argumento usado no recurso \u00e9 processual. O chefe do MP de S\u00e3o Paulo afirma que a decis\u00e3o de anular provas da leni\u00eancia n\u00e3o poderia ter efeito generalizado e deveria valer apenas para o presidente Luiz In\u00e1cio Lula de Silva (PT), porque foi ele quem deu entrada na reclama\u00e7\u00e3o.<\/p>\n\n\n\n<p>\u2013 Ainda que admitido o manejo do rem\u00e9dio heroico constitucional no bojo da reclama\u00e7\u00e3o, com o trancamento de of\u00edcio da a\u00e7\u00e3o penal em face do reclamante, n\u00e3o h\u00e1 como se ampliar a concess\u00e3o da ordem para atingir processos e investiga\u00e7\u00f5es indistintas, em que n\u00e3o se tem conhecimento sequer dos fatos e sujeitos investigados \u2013 diz um trecho do pedido.<\/p>\n\n\n\n<p>O recurso encampa uma tentativa de salvar investiga\u00e7\u00f5es e processos em curso, que podem ser desidratados se as provas obtidas a partir do acordo de Odebrecht forem retiradas. Na mesma decis\u00e3o que anulou as provas, Toffoli afirmou que a condena\u00e7\u00e3o de Lula na Lava Jato foi um dos \u201cmaiores erros judici\u00e1rios da hist\u00f3ria do pa\u00eds\u201d.<\/p>\n\n\n\n<p>O agravo do MP de S\u00e3o Paulo chega ao STF antes mesmo de o Minist\u00e9rio P\u00fablico Federal (MPF) decidir se entrar\u00e1 ou n\u00e3o com recurso na a\u00e7\u00e3o.<\/p>\n\n\n\n<p>*AE<\/p>\n","protected":false},"excerpt":{"rendered":"<p>O Minist\u00e9rio P\u00fablico de&nbsp;S\u00e3o Paulo&nbsp;(MP-SP) entrou nesta quarta-feira (20) com um recurso no Supremo Tribunal Federal (STF) para tentar reverter a decis\u00e3o do ministro Dias Toffoli que anulou provas do acordo de leni\u00eancia da Odebrecht. O procurador-geral de Justi\u00e7a do Estado, Mario Luiz Sarrubbo, afirma que as provas foram usadas em \u201cdiversas a\u00e7\u00f5es e investiga\u00e7\u00f5es\u201d [&hellip;]<\/p>\n","protected":false},"author":2,"featured_media":17198,"comment_status":"open","ping_status":"open","sticky":false,"template":"","format":"standard","meta":[],"categories":[10],"tags":[],"_links":{"self":[{"href":"https:\/\/dgospel.com.br\/portal\/index.php\/wp-json\/wp\/v2\/posts\/17197"}],"collection":[{"href":"https:\/\/dgospel.com.br\/portal\/index.php\/wp-json\/wp\/v2\/posts"}],"about":[{"href":"https:\/\/dgospel.com.br\/portal\/index.php\/wp-json\/wp\/v2\/types\/post"}],"author":[{"embeddable":true,"href":"https:\/\/dgospel.com.br\/portal\/index.php\/wp-json\/wp\/v2\/users\/2"}],"replies":[{"embeddable":true,"href":"https:\/\/dgospel.com.br\/portal\/index.php\/wp-json\/wp\/v2\/comments?post=17197"}],"version-history":[{"count":1,"href":"https:\/\/dgospel.com.br\/portal\/index.php\/wp-json\/wp\/v2\/posts\/17197\/revisions"}],"predecessor-version":[{"id":17199,"href":"https:\/\/dgospel.com.br\/portal\/index.php\/wp-json\/wp\/v2\/posts\/17197\/revisions\/17199"}],"wp:featuredmedia":[{"embeddable":true,"href":"https:\/\/dgospel.com.br\/portal\/index.php\/wp-json\/wp\/v2\/media\/17198"}],"wp:attachment":[{"href":"https:\/\/dgospel.com.br\/portal\/index.php\/wp-json\/wp\/v2\/media?parent=17197"}],"wp:term":[{"taxonomy":"category","embeddable":true,"href":"https:\/\/dgospel.com.br\/portal\/index.php\/wp-json\/wp\/v2\/categories?post=17197"},{"taxonomy":"post_tag","embeddable":true,"href":"https:\/\/dgospel.com.br\/portal\/index.php\/wp-json\/wp\/v2\/tags?post=17197"}],"curies":[{"name":"wp","href":"https:\/\/api.w.org\/{rel}","templated":true}]}}