{"id":17206,"date":"2023-09-22T16:54:38","date_gmt":"2023-09-22T19:54:38","guid":{"rendered":"http:\/\/dgospel.com.br\/portal\/?p=17206"},"modified":"2023-09-22T16:54:39","modified_gmt":"2023-09-22T19:54:39","slug":"senador-rogerio-marinho-quer-propor-plebiscito-sobre-o-aborto","status":"publish","type":"post","link":"https:\/\/dgospel.com.br\/portal\/index.php\/2023\/09\/22\/senador-rogerio-marinho-quer-propor-plebiscito-sobre-o-aborto\/","title":{"rendered":"Senador Rog\u00e9rio Marinho quer propor plebiscito sobre o aborto"},"content":{"rendered":"\n<p>O l\u00edder da oposi\u00e7\u00e3o no Senado, Rog\u00e9rio Marinho (PL-RN), obteve 27 assinaturas para propor que seja feito um plebiscito sobre a descriminaliza\u00e7\u00e3o do aborto no Brasil.<\/p>\n\n\n\n<p>Marinho dever\u00e1 apresentar na pr\u00f3xima semana um projeto de Decreto Legislativo sobre o assunto, mas ter\u00e1 de conseguir maioria absoluta na C\u00e2mara e no Senado para que seja publicado.<\/p>\n\n\n\n<p>A proposi\u00e7\u00e3o \u00e9 uma rea\u00e7\u00e3o imediata ao Supremo Tribunal Federal (STF), que deu in\u00edcio, nesta sexta-feira (22), ao julgamento que pode descriminalizar o aborto. A relatora da a\u00e7\u00e3o, ministra Rosa Weber, j\u00e1 efetuou seu voto, defendendo que o aborto seja liberado at\u00e9 a 12\u00aa semana de gesta\u00e7\u00e3o.<\/p>\n\n\n\n<p>O julgamento foi suspenso a pedido do ministro Lu\u00eds Roberto Barroso que entendeu a necessidade de levar a vota\u00e7\u00e3o da mat\u00e9ria para o plen\u00e1rio f\u00edsico.<\/p>\n\n\n\n<p>Desde 1940 o aborto \u00e9 permitido em caso onde envolva risco \u00e0 mulher por causa da gesta\u00e7\u00e3o, estupro e feto sem a forma\u00e7\u00e3o integral do c\u00e9rebro, denominado anenc\u00e9falo.<\/p>\n","protected":false},"excerpt":{"rendered":"<p>O l\u00edder da oposi\u00e7\u00e3o no Senado, Rog\u00e9rio Marinho (PL-RN), obteve 27 assinaturas para propor que seja feito um plebiscito sobre a descriminaliza\u00e7\u00e3o do aborto no Brasil. Marinho dever\u00e1 apresentar na pr\u00f3xima semana um projeto de Decreto Legislativo sobre o assunto, mas ter\u00e1 de conseguir maioria absoluta na C\u00e2mara e no Senado para que seja publicado. [&hellip;]<\/p>\n","protected":false},"author":2,"featured_media":17207,"comment_status":"open","ping_status":"open","sticky":false,"template":"","format":"standard","meta":[],"categories":[8],"tags":[],"_links":{"self":[{"href":"https:\/\/dgospel.com.br\/portal\/index.php\/wp-json\/wp\/v2\/posts\/17206"}],"collection":[{"href":"https:\/\/dgospel.com.br\/portal\/index.php\/wp-json\/wp\/v2\/posts"}],"about":[{"href":"https:\/\/dgospel.com.br\/portal\/index.php\/wp-json\/wp\/v2\/types\/post"}],"author":[{"embeddable":true,"href":"https:\/\/dgospel.com.br\/portal\/index.php\/wp-json\/wp\/v2\/users\/2"}],"replies":[{"embeddable":true,"href":"https:\/\/dgospel.com.br\/portal\/index.php\/wp-json\/wp\/v2\/comments?post=17206"}],"version-history":[{"count":1,"href":"https:\/\/dgospel.com.br\/portal\/index.php\/wp-json\/wp\/v2\/posts\/17206\/revisions"}],"predecessor-version":[{"id":17208,"href":"https:\/\/dgospel.com.br\/portal\/index.php\/wp-json\/wp\/v2\/posts\/17206\/revisions\/17208"}],"wp:featuredmedia":[{"embeddable":true,"href":"https:\/\/dgospel.com.br\/portal\/index.php\/wp-json\/wp\/v2\/media\/17207"}],"wp:attachment":[{"href":"https:\/\/dgospel.com.br\/portal\/index.php\/wp-json\/wp\/v2\/media?parent=17206"}],"wp:term":[{"taxonomy":"category","embeddable":true,"href":"https:\/\/dgospel.com.br\/portal\/index.php\/wp-json\/wp\/v2\/categories?post=17206"},{"taxonomy":"post_tag","embeddable":true,"href":"https:\/\/dgospel.com.br\/portal\/index.php\/wp-json\/wp\/v2\/tags?post=17206"}],"curies":[{"name":"wp","href":"https:\/\/api.w.org\/{rel}","templated":true}]}}