{"id":17209,"date":"2023-09-22T17:00:19","date_gmt":"2023-09-22T20:00:19","guid":{"rendered":"http:\/\/dgospel.com.br\/portal\/?p=17209"},"modified":"2023-09-22T17:00:20","modified_gmt":"2023-09-22T20:00:20","slug":"presidente-do-stf-ministra-rosa-weber-vota-a-favor-da-descriminalizacao-do-aborto","status":"publish","type":"post","link":"https:\/\/dgospel.com.br\/portal\/index.php\/2023\/09\/22\/presidente-do-stf-ministra-rosa-weber-vota-a-favor-da-descriminalizacao-do-aborto\/","title":{"rendered":"Presidente do STF, ministra Rosa Weber vota a favor da descriminaliza\u00e7\u00e3o do aborto\u00a0"},"content":{"rendered":"\n<p>A ministra&nbsp;<a href=\"http:\/\/pleno.news\/tag\/rosa-weber\" target=\"_blank\" rel=\"noreferrer noopener\">Rosa Weber<\/a>, presidente do Supremo Tribunal Federal (<a href=\"http:\/\/pleno.news\/tag\/stf\" target=\"_blank\" rel=\"noreferrer noopener\">STF<\/a>), votou, nesta sexta-feira (22), a favor da descriminaliza\u00e7\u00e3o do aborto at\u00e9 a 12\u00aa semana de gesta\u00e7\u00e3o. Na sequ\u00eancia, o ministro Lu\u00eds Roberto Barroso pediu destaque e interrompeu a vota\u00e7\u00e3o. Com isso, o julgamento, que estava sendo realizado no Plen\u00e1rio Virtual, ser\u00e1 transferido para o plen\u00e1rio f\u00edsico.<\/p>\n\n\n\n<p>\u2013 A criminaliza\u00e7\u00e3o da conduta de interromper voluntariamente a gesta\u00e7\u00e3o, sem restri\u00e7\u00e3o, n\u00e3o passa no teste da sub-regra da necessidade, por atingir de forma o n\u00facleo dos direitos das mulheres \u00e0 liberdade, \u00e0 autodetermina\u00e7\u00e3o, \u00e0 intimidade, \u00e0 liberdade reprodutiva e \u00e0 sua dignidade \u2013 escreveu Rosa Weber.<\/p>\n\n\n\n<p>O julgamento foi aberto na madrugada deste dia 22 de setembro no Plen\u00e1rio Virtual e iria at\u00e9 o pr\u00f3ximo dia 29 de setembro. Os ministros analisam uma a\u00e7\u00e3o movida pelo PSOL. A legisla\u00e7\u00e3o hoje permite o aborto em apenas tr\u00eas situa\u00e7\u00f5es: viol\u00eancia sexual, risco de morte para a gestante ou feto com anencefalia.<\/p>\n\n\n\n<p>Rosa Weber \u00e9 a relatora da a\u00e7\u00e3o. Ela se aposenta compulsoriamente do STF no final do m\u00eas. Interlocutores da presidente do STF afirmam que ela n\u00e3o gostaria de deixar o tribunal sem votar sobre o tema.<\/p>\n\n\n\n<p>A ministra convocou audi\u00eancias p\u00fablicas para debater a descriminaliza\u00e7\u00e3o do aborto ainda em 2018. Na ocasi\u00e3o, afirmou que o tema precisava de \u201camadurecimento\u201d, mas prometeu que o tribunal n\u00e3o deixaria a sociedade sem resposta. Rosa j\u00e1 havia defendido, no julgamento de um caso em 2016, que n\u00e3o seria crime a interrup\u00e7\u00e3o volunt\u00e1ria da gesta\u00e7\u00e3o no primeiro trimestre.<\/p>\n\n\n\n<p>*AE<\/p>\n","protected":false},"excerpt":{"rendered":"<p>A ministra&nbsp;Rosa Weber, presidente do Supremo Tribunal Federal (STF), votou, nesta sexta-feira (22), a favor da descriminaliza\u00e7\u00e3o do aborto at\u00e9 a 12\u00aa semana de gesta\u00e7\u00e3o. Na sequ\u00eancia, o ministro Lu\u00eds Roberto Barroso pediu destaque e interrompeu a vota\u00e7\u00e3o. Com isso, o julgamento, que estava sendo realizado no Plen\u00e1rio Virtual, ser\u00e1 transferido para o plen\u00e1rio f\u00edsico. [&hellip;]<\/p>\n","protected":false},"author":2,"featured_media":17210,"comment_status":"open","ping_status":"open","sticky":false,"template":"","format":"standard","meta":[],"categories":[10],"tags":[],"_links":{"self":[{"href":"https:\/\/dgospel.com.br\/portal\/index.php\/wp-json\/wp\/v2\/posts\/17209"}],"collection":[{"href":"https:\/\/dgospel.com.br\/portal\/index.php\/wp-json\/wp\/v2\/posts"}],"about":[{"href":"https:\/\/dgospel.com.br\/portal\/index.php\/wp-json\/wp\/v2\/types\/post"}],"author":[{"embeddable":true,"href":"https:\/\/dgospel.com.br\/portal\/index.php\/wp-json\/wp\/v2\/users\/2"}],"replies":[{"embeddable":true,"href":"https:\/\/dgospel.com.br\/portal\/index.php\/wp-json\/wp\/v2\/comments?post=17209"}],"version-history":[{"count":1,"href":"https:\/\/dgospel.com.br\/portal\/index.php\/wp-json\/wp\/v2\/posts\/17209\/revisions"}],"predecessor-version":[{"id":17211,"href":"https:\/\/dgospel.com.br\/portal\/index.php\/wp-json\/wp\/v2\/posts\/17209\/revisions\/17211"}],"wp:featuredmedia":[{"embeddable":true,"href":"https:\/\/dgospel.com.br\/portal\/index.php\/wp-json\/wp\/v2\/media\/17210"}],"wp:attachment":[{"href":"https:\/\/dgospel.com.br\/portal\/index.php\/wp-json\/wp\/v2\/media?parent=17209"}],"wp:term":[{"taxonomy":"category","embeddable":true,"href":"https:\/\/dgospel.com.br\/portal\/index.php\/wp-json\/wp\/v2\/categories?post=17209"},{"taxonomy":"post_tag","embeddable":true,"href":"https:\/\/dgospel.com.br\/portal\/index.php\/wp-json\/wp\/v2\/tags?post=17209"}],"curies":[{"name":"wp","href":"https:\/\/api.w.org\/{rel}","templated":true}]}}