{"id":17212,"date":"2023-09-22T17:04:13","date_gmt":"2023-09-22T20:04:13","guid":{"rendered":"http:\/\/dgospel.com.br\/portal\/?p=17212"},"modified":"2023-09-22T17:04:14","modified_gmt":"2023-09-22T20:04:14","slug":"deputadas-conservadoras-fazem-discurso-contra-o-aborto-nosso-ventre-nao-sera-um-sepulcro-de-morte","status":"publish","type":"post","link":"https:\/\/dgospel.com.br\/portal\/index.php\/2023\/09\/22\/deputadas-conservadoras-fazem-discurso-contra-o-aborto-nosso-ventre-nao-sera-um-sepulcro-de-morte\/","title":{"rendered":"Deputadas conservadoras fazem discurso contra o aborto: \u201cNosso ventre n\u00e3o ser\u00e1 um sepulcro de morte\u201d"},"content":{"rendered":"\n<p>As deputadas federais conservadoras, Chris Tonietto (PL-RJ) e Priscila Costa (PL-CE) se uniram, nesta quarta-feira (20), para fazer um discurso em defesa da vida. Elas subiram juntas na tribuna da C\u00e2mara dos Deputados se apresentando como mulheres e m\u00e3es, para ent\u00e3o dizerem \u201cn\u00e3o\u201d ao aborto.<\/p>\n\n\n\n<p>Tonietto come\u00e7ou sua fala citando Madre Tereza de Calcut\u00e1 que declarou: \u201cO maior destruidor da paz \u00e9 o choro silencioso do beb\u00ea no ventre de sua m\u00e3e\u201d.<\/p>\n\n\n\n<p>A deputada fluminense diz que, se a ADPF 442, proposta pelo PSOL para legalizar o aborto at\u00e9 o terceiro m\u00eas de gesta\u00e7\u00e3o for aprovada no Supremo Tribunal Federal (STF), a bandeira brasileira ficar\u00e1 manchada de sangue.<\/p>\n\n\n\n<p>\u2013 A nossa Constitui\u00e7\u00e3o n\u00e3o tem o direito ao aborto, pelo contr\u00e1rio, tem, inclusive, como cl\u00e1usula p\u00e9trea, a inviolabilidade do direito \u00e0 vida. N\u00e3o se tem margem para a d\u00favida, n\u00e3o se tem sequer uma brecha para [que] se entenda, entre aspas, um pseudo direito ao aborto \u2013 argumentou a parlamentar.<\/p>\n\n\n\n<p>Priscila Costa chamou a aten\u00e7\u00e3o das mulheres brasileiras, dizendo que elas n\u00e3o podem ser enganadas com o discurso que promove a matan\u00e7a de beb\u00eas.<\/p>\n\n\n\n<p>\u2013 Crian\u00e7as de at\u00e9 12 semanas est\u00e3o formadas, elas t\u00eam um cora\u00e7\u00e3o pulsando e distribuindo sangue para todo o corpo, elas t\u00eam rostinho, os dedinhos, as m\u00e3ozinhas, os pezinhos, elas est\u00e3o bem formadas. Mas, no discurso, \u00e9 f\u00e1cil desumanizar uma crian\u00e7a t\u00e3o pequena \u2013 pontuou.<\/p>\n\n\n\n<p>A deputada cearense disse que o discurso pr\u00f3-aborto do PSOL \u00e9 igual ao que foi utilizado para legalizar a escravid\u00e3o dos negros e o genoc\u00eddio ao povo judeu no regime nazista. Invalidando a humanidade desses grupos, para legitimar a morte e a escravid\u00e3o.<\/p>\n\n\n\n<p>E continuou:<\/p>\n\n\n\n<p>\u2013 O nosso \u00fatero, de mulher brasileira, n\u00e3o ser\u00e1 um sepulcro de morte, mas ser\u00e1 sim um lugar de vida e de vida sagrada.<\/p>\n\n\n\n<p><strong>Assista:<\/strong><\/p>\n\n\n\n<blockquote class=\"wp-block-quote\"><p>&nbsp;Ver essa foto no Instagram<\/p><p>&nbsp;<\/p><p><a href=\"https:\/\/www.instagram.com\/reel\/CxdvYWcPmRO\/?utm_source=ig_embed&amp;utm_campaign=loading\" target=\"_blank\" rel=\"noreferrer noopener\">Uma publica\u00e7\u00e3o compartilhada por Priscila Costa (@priscilacosta)<\/a><\/p><\/blockquote>\n","protected":false},"excerpt":{"rendered":"<p>As deputadas federais conservadoras, Chris Tonietto (PL-RJ) e Priscila Costa (PL-CE) se uniram, nesta quarta-feira (20), para fazer um discurso em defesa da vida. Elas subiram juntas na tribuna da C\u00e2mara dos Deputados se apresentando como mulheres e m\u00e3es, para ent\u00e3o dizerem \u201cn\u00e3o\u201d ao aborto. Tonietto come\u00e7ou sua fala citando Madre Tereza de Calcut\u00e1 que [&hellip;]<\/p>\n","protected":false},"author":2,"featured_media":17213,"comment_status":"open","ping_status":"open","sticky":false,"template":"","format":"standard","meta":[],"categories":[8],"tags":[],"_links":{"self":[{"href":"https:\/\/dgospel.com.br\/portal\/index.php\/wp-json\/wp\/v2\/posts\/17212"}],"collection":[{"href":"https:\/\/dgospel.com.br\/portal\/index.php\/wp-json\/wp\/v2\/posts"}],"about":[{"href":"https:\/\/dgospel.com.br\/portal\/index.php\/wp-json\/wp\/v2\/types\/post"}],"author":[{"embeddable":true,"href":"https:\/\/dgospel.com.br\/portal\/index.php\/wp-json\/wp\/v2\/users\/2"}],"replies":[{"embeddable":true,"href":"https:\/\/dgospel.com.br\/portal\/index.php\/wp-json\/wp\/v2\/comments?post=17212"}],"version-history":[{"count":1,"href":"https:\/\/dgospel.com.br\/portal\/index.php\/wp-json\/wp\/v2\/posts\/17212\/revisions"}],"predecessor-version":[{"id":17214,"href":"https:\/\/dgospel.com.br\/portal\/index.php\/wp-json\/wp\/v2\/posts\/17212\/revisions\/17214"}],"wp:featuredmedia":[{"embeddable":true,"href":"https:\/\/dgospel.com.br\/portal\/index.php\/wp-json\/wp\/v2\/media\/17213"}],"wp:attachment":[{"href":"https:\/\/dgospel.com.br\/portal\/index.php\/wp-json\/wp\/v2\/media?parent=17212"}],"wp:term":[{"taxonomy":"category","embeddable":true,"href":"https:\/\/dgospel.com.br\/portal\/index.php\/wp-json\/wp\/v2\/categories?post=17212"},{"taxonomy":"post_tag","embeddable":true,"href":"https:\/\/dgospel.com.br\/portal\/index.php\/wp-json\/wp\/v2\/tags?post=17212"}],"curies":[{"name":"wp","href":"https:\/\/api.w.org\/{rel}","templated":true}]}}