{"id":17221,"date":"2023-09-25T10:59:32","date_gmt":"2023-09-25T13:59:32","guid":{"rendered":"http:\/\/dgospel.com.br\/portal\/?p=17221"},"modified":"2023-09-25T10:59:34","modified_gmt":"2023-09-25T13:59:34","slug":"tocantins-realiza-setima-captacao-de-orgaos-de-2023","status":"publish","type":"post","link":"https:\/\/dgospel.com.br\/portal\/index.php\/2023\/09\/25\/tocantins-realiza-setima-captacao-de-orgaos-de-2023\/","title":{"rendered":"Tocantins realiza s\u00e9tima capta\u00e7\u00e3o de \u00f3rg\u00e3os de 2023"},"content":{"rendered":"\n<p>O Setembro Verde, de conscientiza\u00e7\u00e3o para a doa\u00e7\u00e3o de m\u00faltiplos \u00f3rg\u00e3os, vai terminar diferente para tr\u00eas pessoas que aguardam na fila do Sistema Nacional de Transplantes (SNT). Na sexta-feira, 22, foi realizada a s\u00e9tima capta\u00e7\u00e3o de m\u00faltiplos \u00f3rg\u00e3os, em 2023, no Tocantins. A a\u00e7\u00e3o ocorreu no Hospital Geral de Palmas (HGP), gra\u00e7as \u00e0 fam\u00edlia de um paciente de 62 anos, v\u00edtima de AVC hemorr\u00e1gico com diagn\u00f3stico de morte encef\u00e1lica. Na ocasi\u00e3o, foram captados um f\u00edgado enviado a outro estado e duas c\u00f3rneas que permaneceram no Estado.<\/p>\n\n\n\n<p>A a\u00e7\u00e3o de capta\u00e7\u00e3o dos \u00f3rg\u00e3os \u00e9 realizada pelo trabalho conjunto da equipe da Central Estadual de Transplante do Tocantins (CETTO), da Organiza\u00e7\u00e3o de Procura de \u00d3rg\u00e3os, do Hospital Geral de Palmas (OPO), da Comiss\u00e3o Intra-Hospitalar de Doa\u00e7\u00e3o de \u00d3rg\u00e3os e Tecidos para Transplantes (CIHDOTT) e do Banco de Olhos P\u00fablico do Tocantins (Boto).<br><br>\u201cAgradecemos a fam\u00edlia pelo sim \u00e0 doa\u00e7\u00e3o e \u00e0 vida. E neste m\u00eas, que chamamos o Setembro Verde, alusivo \u00e0 doa\u00e7\u00e3o de \u00f3rg\u00e3os, aproveito para conscientizar a popula\u00e7\u00e3o sobre a necessidade e ressaltar a import\u00e2ncia do sim \u00e0 doa\u00e7\u00e3o de \u00f3rg\u00e3os e tecidos. H\u00e1 muitas pessoas aguardando por transplantes no Brasil. \u00c9 muito importante que as pessoas falem com seus familiares sobre o interesse em doar seus \u00f3rg\u00e3os. Para que a doa\u00e7\u00e3o aconte\u00e7a, a fam\u00edlia tem que dizer sim para a vida\u201d, ressaltou a coordenadora da Central Estadual de Transplante do Tocantins, Suziane Crate\u00fas.<\/p>\n\n\n\n<p>O HGP conta com uma equipe qualificada espec\u00edfica que atua no referido servi\u00e7o. O processo de capta\u00e7\u00e3o \u00e9 realizado pela equipe externa que ir\u00e1 receber e transportar os \u00f3rg\u00e3os.<br><br><strong>Como funciona a doa\u00e7\u00e3o?<\/strong><\/p>\n\n\n\n<p>Para que ocorra a doa\u00e7\u00e3o, \u00e9 necess\u00e1rio que a fam\u00edlia tenha conhecimento do desejo de ser doador, uma vez que parte dela a autoriza\u00e7\u00e3o para capta\u00e7\u00e3o dos \u00f3rg\u00e3os. A autoriza\u00e7\u00e3o deve ser concomitante ao quadro de morte encef\u00e1lica, quando ocorre uma perda definitiva das fun\u00e7\u00f5es do c\u00e9rebro e, por isso, a recupera\u00e7\u00e3o n\u00e3o \u00e9 poss\u00edvel. Neste tipo de quadro, os \u00f3rg\u00e3os permanecem ativos por um curto per\u00edodo de tempo, o que permite ent\u00e3o a capta\u00e7\u00e3o para que sejam remetidos aos receptores.<\/p>\n","protected":false},"excerpt":{"rendered":"<p>O Setembro Verde, de conscientiza\u00e7\u00e3o para a doa\u00e7\u00e3o de m\u00faltiplos \u00f3rg\u00e3os, vai terminar diferente para tr\u00eas pessoas que aguardam na fila do Sistema Nacional de Transplantes (SNT). Na sexta-feira, 22, foi realizada a s\u00e9tima capta\u00e7\u00e3o de m\u00faltiplos \u00f3rg\u00e3os, em 2023, no Tocantins. A a\u00e7\u00e3o ocorreu no Hospital Geral de Palmas (HGP), gra\u00e7as \u00e0 fam\u00edlia de [&hellip;]<\/p>\n","protected":false},"author":2,"featured_media":17222,"comment_status":"open","ping_status":"open","sticky":false,"template":"","format":"standard","meta":[],"categories":[3],"tags":[13],"_links":{"self":[{"href":"https:\/\/dgospel.com.br\/portal\/index.php\/wp-json\/wp\/v2\/posts\/17221"}],"collection":[{"href":"https:\/\/dgospel.com.br\/portal\/index.php\/wp-json\/wp\/v2\/posts"}],"about":[{"href":"https:\/\/dgospel.com.br\/portal\/index.php\/wp-json\/wp\/v2\/types\/post"}],"author":[{"embeddable":true,"href":"https:\/\/dgospel.com.br\/portal\/index.php\/wp-json\/wp\/v2\/users\/2"}],"replies":[{"embeddable":true,"href":"https:\/\/dgospel.com.br\/portal\/index.php\/wp-json\/wp\/v2\/comments?post=17221"}],"version-history":[{"count":1,"href":"https:\/\/dgospel.com.br\/portal\/index.php\/wp-json\/wp\/v2\/posts\/17221\/revisions"}],"predecessor-version":[{"id":17223,"href":"https:\/\/dgospel.com.br\/portal\/index.php\/wp-json\/wp\/v2\/posts\/17221\/revisions\/17223"}],"wp:featuredmedia":[{"embeddable":true,"href":"https:\/\/dgospel.com.br\/portal\/index.php\/wp-json\/wp\/v2\/media\/17222"}],"wp:attachment":[{"href":"https:\/\/dgospel.com.br\/portal\/index.php\/wp-json\/wp\/v2\/media?parent=17221"}],"wp:term":[{"taxonomy":"category","embeddable":true,"href":"https:\/\/dgospel.com.br\/portal\/index.php\/wp-json\/wp\/v2\/categories?post=17221"},{"taxonomy":"post_tag","embeddable":true,"href":"https:\/\/dgospel.com.br\/portal\/index.php\/wp-json\/wp\/v2\/tags?post=17221"}],"curies":[{"name":"wp","href":"https:\/\/api.w.org\/{rel}","templated":true}]}}