{"id":17227,"date":"2023-09-25T11:04:45","date_gmt":"2023-09-25T14:04:45","guid":{"rendered":"http:\/\/dgospel.com.br\/portal\/?p=17227"},"modified":"2023-09-25T11:04:46","modified_gmt":"2023-09-25T14:04:46","slug":"governo-do-tocantins-seleciona-empresa-para-construcao-de-novo-complexo-prisional","status":"publish","type":"post","link":"https:\/\/dgospel.com.br\/portal\/index.php\/2023\/09\/25\/governo-do-tocantins-seleciona-empresa-para-construcao-de-novo-complexo-prisional\/","title":{"rendered":"Governo do Tocantins seleciona\u00a0empresa para constru\u00e7\u00e3o de novo Complexo Prisional"},"content":{"rendered":"\n<p>O Governo do Tocantins divulgou na sexta-feira, 22, a contrata\u00e7\u00e3o, por meio de processo licitat\u00f3rio, de empresa especializada em engenharia para fins de elabora\u00e7\u00e3o de projetos executivos e execu\u00e7\u00e3o da obra da constru\u00e7\u00e3o do Complexo Prisional Serra do Carmo, no munic\u00edpio de Aparecida do Rio Negro. O investimento \u00e9 de R$ 32.869.141,80 e o local ter\u00e1 capacidade para 603 vagas e acessibilidade para pessoas com defici\u00eancia.<\/p>\n\n\n\n<p>A unidade ser\u00e1 composta por tr\u00eas pavilh\u00f5es com 26 celas cada, totalizando 78 celas coletivas; 12 celas individuais, 20 celas para visitas \u00edntimas e mais 20 celas individuais e coletivas fora dos pavilh\u00f5es. O complexo contar\u00e1 tamb\u00e9m com recep\u00e7\u00e3o, revista, administra\u00e7\u00e3o, triagem, assist\u00eancia \u00e0 sa\u00fade, de ensino, de profissionaliza\u00e7\u00e3o, de viv\u00eancia coletiva, de tratamento para dependentes qu\u00edmicos e alojamento policial.<\/p>\n\n\n\n<p>O gestor da Secretaria de Estado da Cidadania e Justi\u00e7a (Seciju), Deusiano Amorim, falou sobre o impacto positivo com a constru\u00e7\u00e3o da unidade penal. \u201c\u00c9 muito importante a constru\u00e7\u00e3o do Complexo Prisional Serra do Carmo, m\u00e9rito do empenho do nosso governador Wanderlei Barbosa, uma vez que \u00e9 uma luta antiga e que agora ser\u00e1 iniciada de fato. A Unidade ser\u00e1 moderna e servir\u00e1 para melhoria da presta\u00e7\u00e3o dos servi\u00e7os desempenhados pelo Sistema Penal\u201d, concluiu.<\/p>\n","protected":false},"excerpt":{"rendered":"<p>O Governo do Tocantins divulgou na sexta-feira, 22, a contrata\u00e7\u00e3o, por meio de processo licitat\u00f3rio, de empresa especializada em engenharia para fins de elabora\u00e7\u00e3o de projetos executivos e execu\u00e7\u00e3o da obra da constru\u00e7\u00e3o do Complexo Prisional Serra do Carmo, no munic\u00edpio de Aparecida do Rio Negro. O investimento \u00e9 de R$ 32.869.141,80 e o local [&hellip;]<\/p>\n","protected":false},"author":2,"featured_media":17228,"comment_status":"open","ping_status":"open","sticky":false,"template":"","format":"standard","meta":[],"categories":[3],"tags":[13],"_links":{"self":[{"href":"https:\/\/dgospel.com.br\/portal\/index.php\/wp-json\/wp\/v2\/posts\/17227"}],"collection":[{"href":"https:\/\/dgospel.com.br\/portal\/index.php\/wp-json\/wp\/v2\/posts"}],"about":[{"href":"https:\/\/dgospel.com.br\/portal\/index.php\/wp-json\/wp\/v2\/types\/post"}],"author":[{"embeddable":true,"href":"https:\/\/dgospel.com.br\/portal\/index.php\/wp-json\/wp\/v2\/users\/2"}],"replies":[{"embeddable":true,"href":"https:\/\/dgospel.com.br\/portal\/index.php\/wp-json\/wp\/v2\/comments?post=17227"}],"version-history":[{"count":1,"href":"https:\/\/dgospel.com.br\/portal\/index.php\/wp-json\/wp\/v2\/posts\/17227\/revisions"}],"predecessor-version":[{"id":17229,"href":"https:\/\/dgospel.com.br\/portal\/index.php\/wp-json\/wp\/v2\/posts\/17227\/revisions\/17229"}],"wp:featuredmedia":[{"embeddable":true,"href":"https:\/\/dgospel.com.br\/portal\/index.php\/wp-json\/wp\/v2\/media\/17228"}],"wp:attachment":[{"href":"https:\/\/dgospel.com.br\/portal\/index.php\/wp-json\/wp\/v2\/media?parent=17227"}],"wp:term":[{"taxonomy":"category","embeddable":true,"href":"https:\/\/dgospel.com.br\/portal\/index.php\/wp-json\/wp\/v2\/categories?post=17227"},{"taxonomy":"post_tag","embeddable":true,"href":"https:\/\/dgospel.com.br\/portal\/index.php\/wp-json\/wp\/v2\/tags?post=17227"}],"curies":[{"name":"wp","href":"https:\/\/api.w.org\/{rel}","templated":true}]}}