{"id":17230,"date":"2023-09-25T12:56:02","date_gmt":"2023-09-25T15:56:02","guid":{"rendered":"http:\/\/dgospel.com.br\/portal\/?p=17230"},"modified":"2023-09-25T12:56:03","modified_gmt":"2023-09-25T15:56:03","slug":"70-dos-brasileiros-sao-contra-a-legalizacao-do-aborto-aponta-pesquisa","status":"publish","type":"post","link":"https:\/\/dgospel.com.br\/portal\/index.php\/2023\/09\/25\/70-dos-brasileiros-sao-contra-a-legalizacao-do-aborto-aponta-pesquisa\/","title":{"rendered":"70% dos brasileiros s\u00e3o contra a legaliza\u00e7\u00e3o do aborto, aponta pesquisa"},"content":{"rendered":"\n<p>Uma pesquisa realizada pelo IPEC a pedido do jornal O Globo aponta que por 7 a cada 10 brasileiros reprovam a&nbsp;<strong><a href=\"https:\/\/guiame.com.br\/gospel\/mundo-cristao\/legalizar-o-aborto-e-aprovar-assassinato-dentro-do-ventre-diz-pastor.html\">legaliza\u00e7\u00e3o o aborto<\/a><\/strong>, que est\u00e1 em julgamento no Supremo Tribunal Federal (STF).<\/p>\n\n\n\n<p>De acordo com os resultados da pesquisa, enquanto a maioria da popula\u00e7\u00e3o (70%) se op\u00f5e \u00e0 interrup\u00e7\u00e3o da gravidez, aproximadamente 20% expressam apoio \u00e0 descriminaliza\u00e7\u00e3o do aborto.<\/p>\n\n\n\n<p>A pesquisa ouviu 2.512 pessoas entre 9 e 11 de setembro do ano passado, em 158 munic\u00edpios. Deste total, 8% disseram n\u00e3o ser contra nem&nbsp;<strong><a href=\"https:\/\/guiame.com.br\/gospel\/noticias\/lider-de-movimento-pro-aborto-morre-apos-abortar-legalmente-na-argentina.html\">a favor da legaliza\u00e7\u00e3o do aborto<\/a><\/strong>&nbsp;e 2% n\u00e3o souberam responder.<\/p>\n\n\n\n<p>No Brasil, o aborto \u00e9 considerado crime, sendo permitido sem puni\u00e7\u00e3o em situa\u00e7\u00f5es de gravidez resultante de estupro, risco \u00e0 vida da mulher ou anencefalia do feto.<\/p>\n\n\n\n<p><strong>Julgamento suspenso: de virtual para presencial<\/strong><\/p>\n\n\n\n<p>O julgamento do tema havia sido pautado no plen\u00e1rio virtual do STF, mas foi interrompido, nesta sexta-feira (22), depois que o ministro Lu\u00eds Roberto Barroso fez um pedido de destaque para levar o julgamento ao plen\u00e1rio f\u00edsico.<\/p>\n\n\n\n<p>A a\u00e7\u00e3o est\u00e1 sob a relatoria da ministra&nbsp;<strong><a href=\"https:\/\/guiame.com.br\/gospel\/noticias\/rosa-weber-do-stf-libera-para-julgamento-acao-que-descriminaliza-o-aborto-no-brasil.html\">Rosa Weber<\/a><\/strong>, que se aposentar\u00e1 compulsoriamente na pr\u00f3xima semana ao atingir a idade de 75 anos. O Ministro Barroso assumir\u00e1 o cargo, com sua posse agendada para a quinta-feira (28).<\/p>\n\n\n\n<p>Prestes a deixar o Tribunal, a ministra Rosa Weber votou favor\u00e1vel \u00e0 descriminaliza\u00e7\u00e3o do aborto no plen\u00e1rio virtual, onde os ministros apenas enviam os votos para o sistema do STF sem discuss\u00e3o ou transmiss\u00e3o pela TV Justi\u00e7a.<\/p>\n\n\n\n<p>A decis\u00e3o da ministra de transferir o julgamento para o plen\u00e1rio virtual, evitando assim a exposi\u00e7\u00e3o \u00e0 opini\u00e3o p\u00fablica, recebeu cr\u00edticas contundentes de v\u00e1rios parlamentares, jornalistas, organiza\u00e7\u00f5es pr\u00f3-vida e juristas, como a&nbsp;<strong><a href=\"https:\/\/guiame.com.br\/gospel\/noticias\/juristas-e-parlamentares-cristaos-lutam-para-impedir-julgamento-do-aborto-no-stf.html\">ANAJURE<\/a><\/strong>&nbsp;(Associa\u00e7\u00e3o Nacional de Juristas Evang\u00e9licos).<\/p>\n\n\n\n<p><strong>Brasileiros tamb\u00e9m n\u00e3o aprovam aborto ser decis\u00e3o da mulher<\/strong><\/p>\n\n\n\n<p>De acordo com os autores da a\u00e7\u00e3o \u2013 o partido de extrema-esquerda PSOL em conjunto com a ONG pr\u00f3-aborto, Instituto Anis \u2013 as mulheres deveriam ter o direito de decidir sobre a interrup\u00e7\u00e3o de uma gravidez indesejada at\u00e9 as 12 semanas de gesta\u00e7\u00e3o, independentemente das circunst\u00e2ncias.<\/p>\n\n\n\n<p>A proposta \u00e9 frequentemente rotulada pejorativamente como &#8220;aborto jur\u00eddico&#8221;, uma vez que a altera\u00e7\u00e3o na lei, se fosse amplamente aceita na sociedade, deveria ser realizada atrav\u00e9s do Poder Legislativo e n\u00e3o do Poder Judici\u00e1rio.<\/p>\n\n\n\n<p>Conforme divulgado pelo&nbsp;<strong>Guiame<\/strong>, em outra pesquisa, realizada pelo Datafolha em julho deste ano, a maioria dos brasileiros se declarou contra o&nbsp;<strong><a href=\"https:\/\/guiame.com.br\/gospel\/noticias\/52-dos-brasileiros-sao-contra-o-aborto-ser-uma-decisao-da-mulher.html\">aborto ser uma decis\u00e3o da mulher<\/a><\/strong>.<\/p>\n\n\n\n<p>Para 52% dos entrevistados, a interrup\u00e7\u00e3o da gravidez n\u00e3o se trata de um direito de escolha da m\u00e3e.<\/p>\n","protected":false},"excerpt":{"rendered":"<p>Uma pesquisa realizada pelo IPEC a pedido do jornal O Globo aponta que por 7 a cada 10 brasileiros reprovam a&nbsp;legaliza\u00e7\u00e3o o aborto, que est\u00e1 em julgamento no Supremo Tribunal Federal (STF). De acordo com os resultados da pesquisa, enquanto a maioria da popula\u00e7\u00e3o (70%) se op\u00f5e \u00e0 interrup\u00e7\u00e3o da gravidez, aproximadamente 20% expressam apoio [&hellip;]<\/p>\n","protected":false},"author":2,"featured_media":17231,"comment_status":"open","ping_status":"open","sticky":false,"template":"","format":"standard","meta":[],"categories":[11,12,10],"tags":[],"_links":{"self":[{"href":"https:\/\/dgospel.com.br\/portal\/index.php\/wp-json\/wp\/v2\/posts\/17230"}],"collection":[{"href":"https:\/\/dgospel.com.br\/portal\/index.php\/wp-json\/wp\/v2\/posts"}],"about":[{"href":"https:\/\/dgospel.com.br\/portal\/index.php\/wp-json\/wp\/v2\/types\/post"}],"author":[{"embeddable":true,"href":"https:\/\/dgospel.com.br\/portal\/index.php\/wp-json\/wp\/v2\/users\/2"}],"replies":[{"embeddable":true,"href":"https:\/\/dgospel.com.br\/portal\/index.php\/wp-json\/wp\/v2\/comments?post=17230"}],"version-history":[{"count":1,"href":"https:\/\/dgospel.com.br\/portal\/index.php\/wp-json\/wp\/v2\/posts\/17230\/revisions"}],"predecessor-version":[{"id":17232,"href":"https:\/\/dgospel.com.br\/portal\/index.php\/wp-json\/wp\/v2\/posts\/17230\/revisions\/17232"}],"wp:featuredmedia":[{"embeddable":true,"href":"https:\/\/dgospel.com.br\/portal\/index.php\/wp-json\/wp\/v2\/media\/17231"}],"wp:attachment":[{"href":"https:\/\/dgospel.com.br\/portal\/index.php\/wp-json\/wp\/v2\/media?parent=17230"}],"wp:term":[{"taxonomy":"category","embeddable":true,"href":"https:\/\/dgospel.com.br\/portal\/index.php\/wp-json\/wp\/v2\/categories?post=17230"},{"taxonomy":"post_tag","embeddable":true,"href":"https:\/\/dgospel.com.br\/portal\/index.php\/wp-json\/wp\/v2\/tags?post=17230"}],"curies":[{"name":"wp","href":"https:\/\/api.w.org\/{rel}","templated":true}]}}