{"id":17239,"date":"2023-09-27T09:41:05","date_gmt":"2023-09-27T12:41:05","guid":{"rendered":"http:\/\/dgospel.com.br\/portal\/?p=17239"},"modified":"2023-09-27T09:41:05","modified_gmt":"2023-09-27T12:41:05","slug":"tse-exclui-forcas-armadas-da-fiscalizacao-das-urnas-eletronicas","status":"publish","type":"post","link":"https:\/\/dgospel.com.br\/portal\/index.php\/2023\/09\/27\/tse-exclui-forcas-armadas-da-fiscalizacao-das-urnas-eletronicas\/","title":{"rendered":"TSE exclui For\u00e7as Armadas da fiscaliza\u00e7\u00e3o das urnas eletr\u00f4nicas"},"content":{"rendered":"\n<p>O Tribunal Superior Eleitoral (TSE) decidiu, nesta ter\u00e7a-feira (26), banir as For\u00e7as Armadas do grupo de entidades fiscalizadoras das pr\u00f3ximas elei\u00e7\u00f5es. Os militares tamb\u00e9m deixar\u00e3o de participar da comiss\u00e3o de transpar\u00eancia do pleito.<\/p>\n\n\n\n<p>A medida foi proposta pelo atual presidente, Alexandre de Moraes. De acordo com o ministro, a participa\u00e7\u00e3o das For\u00e7as Armadas na fiscaliza\u00e7\u00e3o das elei\u00e7\u00f5es de 2022 se mostrou \u201cincompat\u00edvel\u201d com as atribui\u00e7\u00f5es legais dos militares.<\/p>\n\n\n\n<p>\u2013 Essa amplia\u00e7\u00e3o das For\u00e7as Armadas no rol de entidades fiscalizadoras n\u00e3o se mostrou compat\u00edvel com suas fun\u00e7\u00f5es constitucionais nem razo\u00e1vel e eficiente \u2013 afirmou.<\/p>\n\n\n\n<p>Moraes destacou que, apesar da exclus\u00e3o, as For\u00e7as Armadas v\u00e3o continuar auxiliando a Justi\u00e7a Eleitoral no transporte das urnas eletr\u00f4nicas e na seguran\u00e7a dos eleitores e locais de vota\u00e7\u00e3o.<\/p>\n\n\n\n<p>O TSE tamb\u00e9m retirou o Supremo Tribunal Federal (STF) do grupo fiscalizador. Para a Corte Eleitoral, tr\u00eas ministros do STF j\u00e1 comp\u00f5em o TSE e, al\u00e9m disso, o Supremo \u00e9 alvo de recursos contra as decis\u00f5es da Justi\u00e7a Eleitoral.<\/p>\n\n\n\n<p>Durante o governo do presidente Jair Bolsonaro, o Minist\u00e9rio da Defesa chegou a afirmar que os militares n\u00e3o exclu\u00edram a possibilidade de fraude nas urnas eletr\u00f4nicas.<\/p>\n\n\n\n<p>Com a simbiose entre o Poder Judici\u00e1rio e o Executivo Federal, militares t\u00eam sido alvo de medidas cuja finalidade \u00e9 restringi-los, mitigando seus poderes e, tamb\u00e9m, sua atua\u00e7\u00e3o.<\/p>\n\n\n\n<p>Este banimento das For\u00e7as Armadas pode elevar ainda mais o \u00edndice de insatisfa\u00e7\u00e3o do eleitor, j\u00e1 que em vez de proporcionar maior transpar\u00eancia ao processo eleitoral \u2013 reivindica\u00e7\u00e3o endossada por parte consider\u00e1vel dos eleitores nas \u00faltimas elei\u00e7\u00f5es, no ano passado -, pode produzir ainda mais sensa\u00e7\u00e3o de opacidade na seguran\u00e7a do processo eleitoral.<\/p>\n\n\n\n<p>Veja, a partir de agora, quais institui\u00e7\u00f5es est\u00e3o autorizadas a participar da fiscaliza\u00e7\u00e3o:<\/p>\n\n\n\n<ul><li>Partidos pol\u00edticos, federa\u00e7\u00f5es e coliga\u00e7\u00f5es<\/li><li>Ordem dos Advogados do Brasil<\/li><li>Minist\u00e9rio P\u00fablico<\/li><li>Congresso Nacional<\/li><li>Controladoria-Geral da Uni\u00e3o<\/li><li>Pol\u00edcia Federal<\/li><li>Sociedade Brasileira de Computa\u00e7\u00e3o<\/li><li>Conselho Federal de Engenharia e Agronomia<\/li><li>Conselho Nacional de Justi\u00e7a<\/li><li>Conselho Nacional do Minist\u00e9rio P\u00fablico<\/li><li>Tribunal de Contas da Uni\u00e3o<\/li><li>Confedera\u00e7\u00e3o Nacional da Ind\u00fastria, demais integrantes do Sistema Ind\u00fastria e entidades corporativas pertencentes ao Sistema S<\/li><li>Entidades privadas brasileiras, sem fins lucrativos, com not\u00f3ria atua\u00e7\u00e3o em fiscaliza\u00e7\u00e3o e transpar\u00eancia da gest\u00e3o p\u00fablica, credenciadas junto ao TSE<\/li><li>Departamentos de tecnologia da informa\u00e7\u00e3o de universidades credenciadas junto ao TSE<\/li><\/ul>\n","protected":false},"excerpt":{"rendered":"<p>O Tribunal Superior Eleitoral (TSE) decidiu, nesta ter\u00e7a-feira (26), banir as For\u00e7as Armadas do grupo de entidades fiscalizadoras das pr\u00f3ximas elei\u00e7\u00f5es. Os militares tamb\u00e9m deixar\u00e3o de participar da comiss\u00e3o de transpar\u00eancia do pleito. A medida foi proposta pelo atual presidente, Alexandre de Moraes. De acordo com o ministro, a participa\u00e7\u00e3o das For\u00e7as Armadas na fiscaliza\u00e7\u00e3o [&hellip;]<\/p>\n","protected":false},"author":2,"featured_media":17240,"comment_status":"open","ping_status":"open","sticky":false,"template":"","format":"standard","meta":[],"categories":[10],"tags":[],"_links":{"self":[{"href":"https:\/\/dgospel.com.br\/portal\/index.php\/wp-json\/wp\/v2\/posts\/17239"}],"collection":[{"href":"https:\/\/dgospel.com.br\/portal\/index.php\/wp-json\/wp\/v2\/posts"}],"about":[{"href":"https:\/\/dgospel.com.br\/portal\/index.php\/wp-json\/wp\/v2\/types\/post"}],"author":[{"embeddable":true,"href":"https:\/\/dgospel.com.br\/portal\/index.php\/wp-json\/wp\/v2\/users\/2"}],"replies":[{"embeddable":true,"href":"https:\/\/dgospel.com.br\/portal\/index.php\/wp-json\/wp\/v2\/comments?post=17239"}],"version-history":[{"count":1,"href":"https:\/\/dgospel.com.br\/portal\/index.php\/wp-json\/wp\/v2\/posts\/17239\/revisions"}],"predecessor-version":[{"id":17241,"href":"https:\/\/dgospel.com.br\/portal\/index.php\/wp-json\/wp\/v2\/posts\/17239\/revisions\/17241"}],"wp:featuredmedia":[{"embeddable":true,"href":"https:\/\/dgospel.com.br\/portal\/index.php\/wp-json\/wp\/v2\/media\/17240"}],"wp:attachment":[{"href":"https:\/\/dgospel.com.br\/portal\/index.php\/wp-json\/wp\/v2\/media?parent=17239"}],"wp:term":[{"taxonomy":"category","embeddable":true,"href":"https:\/\/dgospel.com.br\/portal\/index.php\/wp-json\/wp\/v2\/categories?post=17239"},{"taxonomy":"post_tag","embeddable":true,"href":"https:\/\/dgospel.com.br\/portal\/index.php\/wp-json\/wp\/v2\/tags?post=17239"}],"curies":[{"name":"wp","href":"https:\/\/api.w.org\/{rel}","templated":true}]}}