{"id":1724,"date":"2018-10-31T10:28:00","date_gmt":"2018-10-31T12:28:00","guid":{"rendered":"http:\/\/dgospel.com.br\/portal\/?p=1724"},"modified":"2018-10-31T10:28:00","modified_gmt":"2018-10-31T12:28:00","slug":"feliciano-ironiza-preocupacao-de-miriam-leitao-com-oracao-do-presidente-eleito-jair-bolsonaro","status":"publish","type":"post","link":"https:\/\/dgospel.com.br\/portal\/index.php\/2018\/10\/31\/feliciano-ironiza-preocupacao-de-miriam-leitao-com-oracao-do-presidente-eleito-jair-bolsonaro\/","title":{"rendered":"Feliciano ironiza \u201cpreocupa\u00e7\u00e3o\u201d de Miriam Leit\u00e3o com ora\u00e7\u00e3o do presidente eleito Jair Bolsonaro"},"content":{"rendered":"<p>A preocupa\u00e7\u00e3o da jornalista Miriam Leit\u00e3o com a ora\u00e7\u00e3o feita momentos antes do primeiro pronunciamento do presidente eleito foi tema de um aparte de Marco Feliciano (PODE-SP) na C\u00e2mara dos Deputados. O pastor questionou o motivo da preocupa\u00e7\u00e3o com a ora\u00e7\u00e3o e a falta de manifesta\u00e7\u00f5es contra as mazelas sociais do pa\u00eds.<\/p>\n<p>\u201cUma pequena pondera\u00e7\u00e3o sobre o que eu vi na TV no dia que Jair Bolsonaro foi eleito. A\u00a0<em>Globo News<\/em>\u00a0estava transmitindo, fazendo a apura\u00e7\u00e3o, e de repente a jornalista Miriam Leit\u00e3o olhou para o seu monitor e viu o senador Magno Malta orando pela vit\u00f3ria dada a Jair Bolsonaro. A jornalista Miriam Leit\u00e3o espantada disse\u00a0<a href=\"https:\/\/noticias.gospelmais.com.br\/jornalista-preocupacao-oracao-bolsonaro-103975.html\"><strong>\u2018isso me preocupa muito\u2019<\/strong><\/a>\u201c, recapitulou Feliciano.<\/p>\n<p>Em seguida, o pastor ironizou a fala da jornalista: \u201cSe uma ora\u00e7\u00e3o deixa uma jornalista t\u00e3o bem preparada preocupada, eu fico imaginando aqui que ela deve conhecer um pouco a B\u00edblia, porque \u2018a ora\u00e7\u00e3o de um justo pode muito em seus efeitos&#8217;\u201d, afirmou o pastor, citando a passagem b\u00edblica de Tiago 5:16.<\/p>\n<p>\u201cA jornalista deveria se preocupar com o \u00edndice de assassinatos em nosso pa\u00eds. S\u00e3o 63 mil pessoas assassinadas por ano; s\u00e3o 13 milh\u00f5es de desempregados; mas o que preocupou a jornalista n\u00e3o foi o Brasil ter um ex-presidente da Rep\u00fablica preso; n\u00e3o foi o caso do petrol\u00e3o, o caso do mensal\u00e3o, o caso de Pasadena; o que preocupou a jornalista foi a ora\u00e7\u00e3o feita, porque ela diz que o Estado \u00e9 laico. Gra\u00e7as a Deus que o Estado \u00e9 laico. Qualquer pessoa pode exercitar a sua f\u00e9 ou n\u00e3o ter f\u00e9 em nada\u201d, acrescentou o pastor Marco Feliciano.<\/p>\n<p>Ao final, elogiou a iniciativa do presidente eleito: \u201cJair Bolsonaro d\u00e1 um exemplo: primeiro presidente da Rep\u00fablica que ap\u00f3s [\u2026] saber da sua vit\u00f3ria ergue em ora\u00e7\u00e3o a voz, pedindo ao Deus dos c\u00e9us que traga paz sobre a nossa na\u00e7\u00e3o. Parab\u00e9ns Jair Bolsonaro, parab\u00e9ns senador Magno Malta! S\u00f3 lembrando que uma vez, uma rainha da Inglaterra, falou sobre John Wesley, o grande evangelista: \u2018Tenho mais medo da ora\u00e7\u00e3o de John Wesley do que o ex\u00e9rcito da Fran\u00e7a fortemente armado\u2019. Foi a ora\u00e7\u00e3o que tirou Israel do Egito, senhor presidente; foi a ora\u00e7\u00e3o ensinada pelo pr\u00f3prio Jesus que trouxe paz ao nosso povo, e que o Brasil viva dias melhores\u201d.<\/p>\n<p>Fonte:\u00a0gospelmais<\/p>\n","protected":false},"excerpt":{"rendered":"<p>A preocupa\u00e7\u00e3o da jornalista Miriam Leit\u00e3o com a ora\u00e7\u00e3o feita momentos antes do primeiro pronunciamento do presidente eleito foi tema de um aparte de Marco Feliciano (PODE-SP) na C\u00e2mara dos Deputados. O pastor questionou o motivo da preocupa\u00e7\u00e3o com a ora\u00e7\u00e3o e a falta de manifesta\u00e7\u00f5es contra as mazelas sociais do pa\u00eds. \u201cUma pequena pondera\u00e7\u00e3o [&hellip;]<\/p>\n","protected":false},"author":2,"featured_media":1725,"comment_status":"open","ping_status":"open","sticky":false,"template":"","format":"standard","meta":[],"categories":[2,6,4],"tags":[],"_links":{"self":[{"href":"https:\/\/dgospel.com.br\/portal\/index.php\/wp-json\/wp\/v2\/posts\/1724"}],"collection":[{"href":"https:\/\/dgospel.com.br\/portal\/index.php\/wp-json\/wp\/v2\/posts"}],"about":[{"href":"https:\/\/dgospel.com.br\/portal\/index.php\/wp-json\/wp\/v2\/types\/post"}],"author":[{"embeddable":true,"href":"https:\/\/dgospel.com.br\/portal\/index.php\/wp-json\/wp\/v2\/users\/2"}],"replies":[{"embeddable":true,"href":"https:\/\/dgospel.com.br\/portal\/index.php\/wp-json\/wp\/v2\/comments?post=1724"}],"version-history":[{"count":1,"href":"https:\/\/dgospel.com.br\/portal\/index.php\/wp-json\/wp\/v2\/posts\/1724\/revisions"}],"predecessor-version":[{"id":1726,"href":"https:\/\/dgospel.com.br\/portal\/index.php\/wp-json\/wp\/v2\/posts\/1724\/revisions\/1726"}],"wp:featuredmedia":[{"embeddable":true,"href":"https:\/\/dgospel.com.br\/portal\/index.php\/wp-json\/wp\/v2\/media\/1725"}],"wp:attachment":[{"href":"https:\/\/dgospel.com.br\/portal\/index.php\/wp-json\/wp\/v2\/media?parent=1724"}],"wp:term":[{"taxonomy":"category","embeddable":true,"href":"https:\/\/dgospel.com.br\/portal\/index.php\/wp-json\/wp\/v2\/categories?post=1724"},{"taxonomy":"post_tag","embeddable":true,"href":"https:\/\/dgospel.com.br\/portal\/index.php\/wp-json\/wp\/v2\/tags?post=1724"}],"curies":[{"name":"wp","href":"https:\/\/api.w.org\/{rel}","templated":true}]}}