{"id":17242,"date":"2023-09-27T09:47:03","date_gmt":"2023-09-27T12:47:03","guid":{"rendered":"http:\/\/dgospel.com.br\/portal\/?p=17242"},"modified":"2023-09-27T09:47:04","modified_gmt":"2023-09-27T12:47:04","slug":"manifestacao-pela-vida-e-marcada-para-12-de-outubro-em-todo-o-pais","status":"publish","type":"post","link":"https:\/\/dgospel.com.br\/portal\/index.php\/2023\/09\/27\/manifestacao-pela-vida-e-marcada-para-12-de-outubro-em-todo-o-pais\/","title":{"rendered":"Manifesta\u00e7\u00e3o pela vida \u00e9 marcada para 12 de outubro em todo o pa\u00eds"},"content":{"rendered":"\n<p>Nesta ter\u00e7a-feira (26), parlamentares da oposi\u00e7\u00e3o pediram aos brasileiros que voltem a tomar as ruas. Dessa vez, se manifestando contra o aborto no dia 12 de outubro, feriado nacional.<\/p>\n\n\n\n<p>Durante uma coletiva de imprensa, o senador Rog\u00e9rio Marinho (PL-RN) pediu aos cidad\u00e3os que mostrem suas posi\u00e7\u00f5es sobre o assunto que pode ser legalizado por meio do Supremo Tribunal Federal (STF).<\/p>\n\n\n\n<p>\u2013 No dia 12 de outubro, haver\u00e1 um grande movimento nas ruas de todo o Brasil e aqui n\u00f3s conclamamos a presen\u00e7a da popula\u00e7\u00e3o que volte \u00e0s ruas para dizer a sua posi\u00e7\u00e3o \u00e0 vida, a favor desse direito que une todos os seres humanos. Al\u00e9m da quest\u00e3o pol\u00edtica, que est\u00e1 sendo colocada por aqueles que a defendem, tem uma quest\u00e3o \u00e9tica, moral, religiosa e cient\u00edfica que \u00e9 muito cara ao conjunto da popula\u00e7\u00e3o brasileira. Esse \u00e9 um assunto que n\u00e3o pode ser decidido por 11 ju\u00edzes \u2013 disse.<\/p>\n\n\n\n<p>Marinho se refere ao julgamento da Argui\u00e7\u00e3o de Descumprimento de Preceito Fundamental (ADPF) 442, movida pelo PSOL, que visa descriminalizar a pr\u00e1tica do aborto at\u00e9 a 12\u00aa semana de gesta\u00e7\u00e3o.<\/p>\n\n\n\n<p>A relatora do caso, ministra Rosa Weber, j\u00e1 depositou seu voto pela legaliza\u00e7\u00e3o da interrup\u00e7\u00e3o da gravidez. A pedido do ministro Lu\u00eds Roberto Barroso, o julgamento deixou de ser virtual, e foi enviado para a discuss\u00e3o no plen\u00e1rio f\u00edsico.<\/p>\n","protected":false},"excerpt":{"rendered":"<p>Nesta ter\u00e7a-feira (26), parlamentares da oposi\u00e7\u00e3o pediram aos brasileiros que voltem a tomar as ruas. Dessa vez, se manifestando contra o aborto no dia 12 de outubro, feriado nacional. Durante uma coletiva de imprensa, o senador Rog\u00e9rio Marinho (PL-RN) pediu aos cidad\u00e3os que mostrem suas posi\u00e7\u00f5es sobre o assunto que pode ser legalizado por meio [&hellip;]<\/p>\n","protected":false},"author":2,"featured_media":17243,"comment_status":"open","ping_status":"open","sticky":false,"template":"","format":"standard","meta":[],"categories":[4],"tags":[],"_links":{"self":[{"href":"https:\/\/dgospel.com.br\/portal\/index.php\/wp-json\/wp\/v2\/posts\/17242"}],"collection":[{"href":"https:\/\/dgospel.com.br\/portal\/index.php\/wp-json\/wp\/v2\/posts"}],"about":[{"href":"https:\/\/dgospel.com.br\/portal\/index.php\/wp-json\/wp\/v2\/types\/post"}],"author":[{"embeddable":true,"href":"https:\/\/dgospel.com.br\/portal\/index.php\/wp-json\/wp\/v2\/users\/2"}],"replies":[{"embeddable":true,"href":"https:\/\/dgospel.com.br\/portal\/index.php\/wp-json\/wp\/v2\/comments?post=17242"}],"version-history":[{"count":1,"href":"https:\/\/dgospel.com.br\/portal\/index.php\/wp-json\/wp\/v2\/posts\/17242\/revisions"}],"predecessor-version":[{"id":17244,"href":"https:\/\/dgospel.com.br\/portal\/index.php\/wp-json\/wp\/v2\/posts\/17242\/revisions\/17244"}],"wp:featuredmedia":[{"embeddable":true,"href":"https:\/\/dgospel.com.br\/portal\/index.php\/wp-json\/wp\/v2\/media\/17243"}],"wp:attachment":[{"href":"https:\/\/dgospel.com.br\/portal\/index.php\/wp-json\/wp\/v2\/media?parent=17242"}],"wp:term":[{"taxonomy":"category","embeddable":true,"href":"https:\/\/dgospel.com.br\/portal\/index.php\/wp-json\/wp\/v2\/categories?post=17242"},{"taxonomy":"post_tag","embeddable":true,"href":"https:\/\/dgospel.com.br\/portal\/index.php\/wp-json\/wp\/v2\/tags?post=17242"}],"curies":[{"name":"wp","href":"https:\/\/api.w.org\/{rel}","templated":true}]}}