{"id":17245,"date":"2023-09-27T09:50:52","date_gmt":"2023-09-27T12:50:52","guid":{"rendered":"http:\/\/dgospel.com.br\/portal\/?p=17245"},"modified":"2023-09-27T09:50:53","modified_gmt":"2023-09-27T12:50:53","slug":"deputado-aponta-incoerencias-do-ministro-dos-direitos-humanos-sobre-banheiros-neutros","status":"publish","type":"post","link":"https:\/\/dgospel.com.br\/portal\/index.php\/2023\/09\/27\/deputado-aponta-incoerencias-do-ministro-dos-direitos-humanos-sobre-banheiros-neutros\/","title":{"rendered":"\u00a0Deputado aponta incoer\u00eancias do ministro dos Direitos Humanos sobre banheiros neutros"},"content":{"rendered":"\n<p>O deputado federal Filipe Barros (PL-PR) questionou o ministro dos Direitos Humanos, Silvio Almeida, sobre a resolu\u00e7\u00e3o que trata sobre a orienta\u00e7\u00e3o do uso de banheiro de acordo com a identidade de g\u00eanero do aluno.<\/p>\n\n\n\n<p>Almeida foi ouvido na Comiss\u00e3o de Fiscaliza\u00e7\u00e3o Financeira e Controle da C\u00e2mara dos Deputados, nesta ter\u00e7a-feira (26), e foi questionado sobre a quest\u00e3o que causou grande pol\u00eamica na semana passada.<\/p>\n\n\n\n<p>\u2013 A resolu\u00e7\u00e3o n\u00e3o trata disso [banheiro unissex] e o que eu disse foi a verdade. O Conselho Nacional LGBTQAI+ tem autonomia, de natureza consultiva e deliberativa \u2013 explicou o ministro.<\/p>\n\n\n\n<p>Almeida tamb\u00e9m confirmou que acionou a Advocacia-Geral da Uni\u00e3o contra Barros e contra o deputado Nikolas Ferreira (PL-MG) por fake news sobre a instala\u00e7\u00e3o de banheiros neutros.<\/p>\n\n\n\n<p>Todavia, o parlamentar conseguiu publica\u00e7\u00f5es de entidades que fazem parte do Conselho Nacional LGBTQIA+ que comemoraram a resolu\u00e7\u00e3o anunciado para a comunidade trans a conquista dos banheiros neutros nas escolas.<\/p>\n\n\n\n<p>Assista:<\/p>\n\n\n\n<figure class=\"wp-block-embed is-type-video is-provider-youtube wp-block-embed-youtube wp-embed-aspect-16-9 wp-has-aspect-ratio\"><div class=\"wp-block-embed__wrapper\">\n<iframe loading=\"lazy\" title=\"Ministro Silvio Almeida fala \u00e0 Comiss\u00e3o de Fiscaliza\u00e7\u00e3o Financeira e Controle \u2013 26\/09\/2023\" width=\"630\" height=\"354\" src=\"https:\/\/www.youtube.com\/embed\/b30F7gJ8L5Y?start=2684&#038;feature=oembed\" frameborder=\"0\" allow=\"accelerometer; autoplay; clipboard-write; encrypted-media; gyroscope; picture-in-picture; web-share\" allowfullscreen><\/iframe>\n<\/div><\/figure>\n","protected":false},"excerpt":{"rendered":"<p>O deputado federal Filipe Barros (PL-PR) questionou o ministro dos Direitos Humanos, Silvio Almeida, sobre a resolu\u00e7\u00e3o que trata sobre a orienta\u00e7\u00e3o do uso de banheiro de acordo com a identidade de g\u00eanero do aluno. Almeida foi ouvido na Comiss\u00e3o de Fiscaliza\u00e7\u00e3o Financeira e Controle da C\u00e2mara dos Deputados, nesta ter\u00e7a-feira (26), e foi questionado [&hellip;]<\/p>\n","protected":false},"author":2,"featured_media":17246,"comment_status":"open","ping_status":"open","sticky":false,"template":"","format":"standard","meta":[],"categories":[8],"tags":[],"_links":{"self":[{"href":"https:\/\/dgospel.com.br\/portal\/index.php\/wp-json\/wp\/v2\/posts\/17245"}],"collection":[{"href":"https:\/\/dgospel.com.br\/portal\/index.php\/wp-json\/wp\/v2\/posts"}],"about":[{"href":"https:\/\/dgospel.com.br\/portal\/index.php\/wp-json\/wp\/v2\/types\/post"}],"author":[{"embeddable":true,"href":"https:\/\/dgospel.com.br\/portal\/index.php\/wp-json\/wp\/v2\/users\/2"}],"replies":[{"embeddable":true,"href":"https:\/\/dgospel.com.br\/portal\/index.php\/wp-json\/wp\/v2\/comments?post=17245"}],"version-history":[{"count":1,"href":"https:\/\/dgospel.com.br\/portal\/index.php\/wp-json\/wp\/v2\/posts\/17245\/revisions"}],"predecessor-version":[{"id":17247,"href":"https:\/\/dgospel.com.br\/portal\/index.php\/wp-json\/wp\/v2\/posts\/17245\/revisions\/17247"}],"wp:featuredmedia":[{"embeddable":true,"href":"https:\/\/dgospel.com.br\/portal\/index.php\/wp-json\/wp\/v2\/media\/17246"}],"wp:attachment":[{"href":"https:\/\/dgospel.com.br\/portal\/index.php\/wp-json\/wp\/v2\/media?parent=17245"}],"wp:term":[{"taxonomy":"category","embeddable":true,"href":"https:\/\/dgospel.com.br\/portal\/index.php\/wp-json\/wp\/v2\/categories?post=17245"},{"taxonomy":"post_tag","embeddable":true,"href":"https:\/\/dgospel.com.br\/portal\/index.php\/wp-json\/wp\/v2\/tags?post=17245"}],"curies":[{"name":"wp","href":"https:\/\/api.w.org\/{rel}","templated":true}]}}