{"id":17248,"date":"2023-09-27T09:59:17","date_gmt":"2023-09-27T12:59:17","guid":{"rendered":"http:\/\/dgospel.com.br\/portal\/?p=17248"},"modified":"2023-09-27T09:59:19","modified_gmt":"2023-09-27T12:59:19","slug":"maioria-da-populacao-brasileira-rejeita-decisao-de-dias-toffoli-que-anula-provas-colhidas-pela-lava-jato-no-caso-da-odebrecht","status":"publish","type":"post","link":"https:\/\/dgospel.com.br\/portal\/index.php\/2023\/09\/27\/maioria-da-populacao-brasileira-rejeita-decisao-de-dias-toffoli-que-anula-provas-colhidas-pela-lava-jato-no-caso-da-odebrecht\/","title":{"rendered":"Maioria da Popula\u00e7\u00e3o brasileira rejeita decis\u00e3o de Dias Toffoli que\u00a0anula provas colhidas pela Lava Jato no caso da Odebrecht"},"content":{"rendered":"\n<p>A maioria da popula\u00e7\u00e3o brasileira rejeita a decis\u00e3o do ministro do Supremo Tribunal Federal (STF) Dias Toffoli que anulou um conjunto de provas colhidas pela Lava Jato no caso da Odebrecht e que beneficiou a defesa do presidente Luiz In\u00e1cio Lula da Silva (PT). De acordo com o Instituto Atlas, 54,1% dos brasileiros discordam da decis\u00e3o, enquanto 27,6% afirmam concordar com ela.<\/p>\n\n\n\n<p>Os que disseram n\u00e3o saber s\u00e3o 18,3%. Os dados foram colhidos por meio do m\u00e9todo de recrutamento digital aleat\u00f3rio, que ouviu 3.038 respondentes entre os dias 20 e 25 deste m\u00eas. A margem de erro do estudo \u00e9 de dois pontos porcentuais para mais ou para menos e o n\u00edvel de confian\u00e7a \u00e9 de 95%.<\/p>\n\n\n\n<p>Mesmo com Lula sendo beneficiado pela decis\u00e3o, 18,3% de seus eleitores no segundo turno da \u00faltima elei\u00e7\u00e3o discordam da posi\u00e7\u00e3o de Toffoli. Enquanto isso, 50,1% concordam e 31,6% disseram n\u00e3o saber. Entre os apoiadores do ex-presidente Jair Bolsonaro (PL), a reprova\u00e7\u00e3o \u00e9 bem maior: 94,3%, contra 3,3% que concorda e 2,5% que diz n\u00e3o saber.<\/p>\n\n\n\n<p>A rejei\u00e7\u00e3o \u00e0 anula\u00e7\u00e3o das provas tamb\u00e9m \u00e9 majorit\u00e1ria entre os eleitores que dizem ter votado em branco (67,8%) e entre os que n\u00e3o votaram (17,7%).<\/p>\n\n\n\n<p>A Procuradoria-Geral da Rep\u00fablica (PGR) entrou, na \u00faltima sexta-feira (22), com um recurso no STF para o ministro Dias Toffoli esclarecer pontos da decis\u00e3o, que atendeu a um pedido de Lula. A defesa do petista alegou que o acordo foi negociado com a ajuda de autoridades estrangeiras sem observar crit\u00e9rios de colabora\u00e7\u00e3o internacional.<\/p>\n\n\n\n<p>O Minist\u00e9rio P\u00fablico de S\u00e3o Paulo (MP-SP) tamb\u00e9m entrou com recurso no STF. O procurador-geral de Justi\u00e7a do Estado, Mario Luiz Sarrubbo, afirma que as provas foram usadas em \u201cdiversas a\u00e7\u00f5es e investiga\u00e7\u00f5es\u201d que agora est\u00e3o em xeque. Ele pede que Toffoli reconsidere a decis\u00e3o ou envie o caso ao plen\u00e1rio do STF. Para ele, a decis\u00e3o s\u00f3 deveria valer para o caso de Lula e n\u00e3o em todos os casos em que as provas foram usadas.<\/p>\n\n\n\n<p>*AE<\/p>\n","protected":false},"excerpt":{"rendered":"<p>A maioria da popula\u00e7\u00e3o brasileira rejeita a decis\u00e3o do ministro do Supremo Tribunal Federal (STF) Dias Toffoli que anulou um conjunto de provas colhidas pela Lava Jato no caso da Odebrecht e que beneficiou a defesa do presidente Luiz In\u00e1cio Lula da Silva (PT). De acordo com o Instituto Atlas, 54,1% dos brasileiros discordam da [&hellip;]<\/p>\n","protected":false},"author":2,"featured_media":17249,"comment_status":"open","ping_status":"open","sticky":false,"template":"","format":"standard","meta":[],"categories":[4],"tags":[],"_links":{"self":[{"href":"https:\/\/dgospel.com.br\/portal\/index.php\/wp-json\/wp\/v2\/posts\/17248"}],"collection":[{"href":"https:\/\/dgospel.com.br\/portal\/index.php\/wp-json\/wp\/v2\/posts"}],"about":[{"href":"https:\/\/dgospel.com.br\/portal\/index.php\/wp-json\/wp\/v2\/types\/post"}],"author":[{"embeddable":true,"href":"https:\/\/dgospel.com.br\/portal\/index.php\/wp-json\/wp\/v2\/users\/2"}],"replies":[{"embeddable":true,"href":"https:\/\/dgospel.com.br\/portal\/index.php\/wp-json\/wp\/v2\/comments?post=17248"}],"version-history":[{"count":1,"href":"https:\/\/dgospel.com.br\/portal\/index.php\/wp-json\/wp\/v2\/posts\/17248\/revisions"}],"predecessor-version":[{"id":17250,"href":"https:\/\/dgospel.com.br\/portal\/index.php\/wp-json\/wp\/v2\/posts\/17248\/revisions\/17250"}],"wp:featuredmedia":[{"embeddable":true,"href":"https:\/\/dgospel.com.br\/portal\/index.php\/wp-json\/wp\/v2\/media\/17249"}],"wp:attachment":[{"href":"https:\/\/dgospel.com.br\/portal\/index.php\/wp-json\/wp\/v2\/media?parent=17248"}],"wp:term":[{"taxonomy":"category","embeddable":true,"href":"https:\/\/dgospel.com.br\/portal\/index.php\/wp-json\/wp\/v2\/categories?post=17248"},{"taxonomy":"post_tag","embeddable":true,"href":"https:\/\/dgospel.com.br\/portal\/index.php\/wp-json\/wp\/v2\/tags?post=17248"}],"curies":[{"name":"wp","href":"https:\/\/api.w.org\/{rel}","templated":true}]}}