{"id":17251,"date":"2023-09-27T11:42:40","date_gmt":"2023-09-27T14:42:40","guid":{"rendered":"http:\/\/dgospel.com.br\/portal\/?p=17251"},"modified":"2023-09-27T11:42:40","modified_gmt":"2023-09-27T14:42:40","slug":"vereador-rubens-uchoa-propoe-sessao-solene-em-homenagem-a-ordem-dos-ministros-evangelicos-de-palmas","status":"publish","type":"post","link":"https:\/\/dgospel.com.br\/portal\/index.php\/2023\/09\/27\/vereador-rubens-uchoa-propoe-sessao-solene-em-homenagem-a-ordem-dos-ministros-evangelicos-de-palmas\/","title":{"rendered":"Vereador Rubens Uchoa prop\u00f5e Sess\u00e3o Solene em homenagem a Ordem dos Ministros Evang\u00e9licos de Palmas"},"content":{"rendered":"\n<p>O Vereador Rubens Uch\u00f4a (Uni\u00e3o Brasil) apresentou um requerimento nesta ter\u00e7a-feira, 26, solicitando que a C\u00e2mara Municipal de Palmas, realize uma Sess\u00e3o Solene em homenagem \u00e0 Ordem do Ministros Evang\u00e9licos de Palmas pelos seus 28 anos de funda\u00e7\u00e3o.<\/p>\n\n\n\n<p>O vereador justifica que a realiza\u00e7\u00e3o da Sess\u00e3o Solene ser\u00e1 uma forma de reconhecimento do parlamento pelo excelente trabalho social e espiritual que a entidade realiza na comunidade palmense.<\/p>\n\n\n\n<p>\u201cS\u00e3o 28 anos que a OMEP vem realizando um excelente trabalho, que tem beneficiado a nossa comunidade, por isso \u00e9 mais do que justo esta homenagem\u201d<\/p>\n\n\n\n<p>&nbsp;A proposta que foi apresentada em regime de urg\u00eancia e aprovado por unanimidade, prever a Sess\u00e3o Solene em homenagem a OMEP, pela celebra\u00e7\u00e3o dos seus 28 anos de hist\u00f3ria, que ser\u00e1 no dia 10 de novembro deste ano.<\/p>\n\n\n\n<p>O autor da proposta, vereador Rubens Uchoa, que tem se posicionado ao lado da OMEP, em defesa de pautas conservadoras, disse que Ordem dos Ministros Evang\u00e9licos de Palmas promove bem-estar social e espiritual, fortalece os valores \u00e9ticos e morais, e n\u00e3o tem fugido das responsabilidades na defesa da fam\u00edlia e dos valores crist\u00e3os. \u201cA OMEP tem representado com muita dignidade o segmento evang\u00e9lico que hoje representa uma grande porcentagem da popula\u00e7\u00e3o palmense\u201d, disse Uch\u00f4a.<\/p>\n","protected":false},"excerpt":{"rendered":"<p>O Vereador Rubens Uch\u00f4a (Uni\u00e3o Brasil) apresentou um requerimento nesta ter\u00e7a-feira, 26, solicitando que a C\u00e2mara Municipal de Palmas, realize uma Sess\u00e3o Solene em homenagem \u00e0 Ordem do Ministros Evang\u00e9licos de Palmas pelos seus 28 anos de funda\u00e7\u00e3o. O vereador justifica que a realiza\u00e7\u00e3o da Sess\u00e3o Solene ser\u00e1 uma forma de reconhecimento do parlamento pelo [&hellip;]<\/p>\n","protected":false},"author":2,"featured_media":17252,"comment_status":"open","ping_status":"open","sticky":false,"template":"","format":"standard","meta":[],"categories":[8],"tags":[],"_links":{"self":[{"href":"https:\/\/dgospel.com.br\/portal\/index.php\/wp-json\/wp\/v2\/posts\/17251"}],"collection":[{"href":"https:\/\/dgospel.com.br\/portal\/index.php\/wp-json\/wp\/v2\/posts"}],"about":[{"href":"https:\/\/dgospel.com.br\/portal\/index.php\/wp-json\/wp\/v2\/types\/post"}],"author":[{"embeddable":true,"href":"https:\/\/dgospel.com.br\/portal\/index.php\/wp-json\/wp\/v2\/users\/2"}],"replies":[{"embeddable":true,"href":"https:\/\/dgospel.com.br\/portal\/index.php\/wp-json\/wp\/v2\/comments?post=17251"}],"version-history":[{"count":1,"href":"https:\/\/dgospel.com.br\/portal\/index.php\/wp-json\/wp\/v2\/posts\/17251\/revisions"}],"predecessor-version":[{"id":17253,"href":"https:\/\/dgospel.com.br\/portal\/index.php\/wp-json\/wp\/v2\/posts\/17251\/revisions\/17253"}],"wp:featuredmedia":[{"embeddable":true,"href":"https:\/\/dgospel.com.br\/portal\/index.php\/wp-json\/wp\/v2\/media\/17252"}],"wp:attachment":[{"href":"https:\/\/dgospel.com.br\/portal\/index.php\/wp-json\/wp\/v2\/media?parent=17251"}],"wp:term":[{"taxonomy":"category","embeddable":true,"href":"https:\/\/dgospel.com.br\/portal\/index.php\/wp-json\/wp\/v2\/categories?post=17251"},{"taxonomy":"post_tag","embeddable":true,"href":"https:\/\/dgospel.com.br\/portal\/index.php\/wp-json\/wp\/v2\/tags?post=17251"}],"curies":[{"name":"wp","href":"https:\/\/api.w.org\/{rel}","templated":true}]}}