{"id":17254,"date":"2023-09-28T15:10:10","date_gmt":"2023-09-28T18:10:10","guid":{"rendered":"http:\/\/dgospel.com.br\/portal\/?p=17254"},"modified":"2023-09-28T15:10:11","modified_gmt":"2023-09-28T18:10:11","slug":"deputado-leo-homenageia-avo-fenelon-barbosa-na-sessao-solene-em-comemoracao-aos-35-anos-do-tocantins","status":"publish","type":"post","link":"https:\/\/dgospel.com.br\/portal\/index.php\/2023\/09\/28\/deputado-leo-homenageia-avo-fenelon-barbosa-na-sessao-solene-em-comemoracao-aos-35-anos-do-tocantins\/","title":{"rendered":"Deputado L\u00e9o homenageia av\u00f4 Fenelon Barbosa na Sess\u00e3o Solene em comemora\u00e7\u00e3o aos 35 anos do Tocantins"},"content":{"rendered":"\n<p>O deputado estadual L\u00e9o Barbosa (Republicanos) homenageou o seu av\u00f4 Fenelon Barbosa, primeiro prefeito de Palmas, na Sess\u00e3o Solene em comemora\u00e7\u00e3o aos 35&nbsp;anos da cria\u00e7\u00e3o do Tocantins, que aconteceu na manh\u00e3 desta quinta-feira, 28, na Assembleia Legislativa do Tocantins (Aleto).<\/p>\n\n\n\n<p>Durante o seu discurso, L\u00e9o disse estar honrado com a oportunidade de entregar a homenagem. \u201cTenho a honra de homenagear o meu av\u00f4, que por determina\u00e7\u00e3o de Deus foi o escolhido, juntamente com Siqueira Campos naquele momento, para abrir as primeiras ruas, implantar as primeiras escolas,hospital e dar in\u00edcio a nova capital. Temos muito orgulho e admira\u00e7\u00e3o pela trajet\u00f3ria dele e pelo homem \u00edntegro que \u00e9 \u201d, destacou o parlamentar.&nbsp;<\/p>\n\n\n\n<p>Fenelon Barbosa Sales tem 83 anos, foi o prefeito de Taquarussu do Porto (hoje o distrito de Taquaru\u00e7u), quando o munic\u00edpio cedeu o pr\u00f3prio territ\u00f3rio para a constru\u00e7\u00e3o da nova capital do Tocantins, em 1989. Ele foi o primeiro prefeito de Palmas e comandou a capital durante os primeiros anos da cidade, participando das decis\u00f5es relativas \u00e0 implanta\u00e7\u00e3o dos servi\u00e7os e empreendimentos. Sua trajet\u00f3ria foi marcada por um forte trabalho social, ao lado de sua falecida esposa, dona Maria Rosa Castro Sales. Pai de 10 filhos, atualmente \u00e9 agropecuarista, aposentado e casado com Elmice Lima Cardoso.<\/p>\n\n\n\n<p>A deputada Janad Valcari tamb\u00e9m destacou o trabalho realizado por Fenelon em prol do Tocantins. &#8220;Com a sua vis\u00e3o arrojada e o seu compromisso incans\u00e1vel, foi um l\u00edder que acreditou no potencial inexplorado da nossa regi\u00e3o. Ele ousou sonhar com uma capital moderna e planejada e num ato de coragem cedeu seu munic\u00edpio, o ent\u00e3o Taquarussu do Porto para se tornar distrito de Palmas. Fenelon, saiba que o seu legado est\u00e1 presente em todos os cantos do estado e continuar\u00e1 eternamente&#8221;, frisou.<\/p>\n","protected":false},"excerpt":{"rendered":"<p>O deputado estadual L\u00e9o Barbosa (Republicanos) homenageou o seu av\u00f4 Fenelon Barbosa, primeiro prefeito de Palmas, na Sess\u00e3o Solene em comemora\u00e7\u00e3o aos 35&nbsp;anos da cria\u00e7\u00e3o do Tocantins, que aconteceu na manh\u00e3 desta quinta-feira, 28, na Assembleia Legislativa do Tocantins (Aleto). Durante o seu discurso, L\u00e9o disse estar honrado com a oportunidade de entregar a homenagem. [&hellip;]<\/p>\n","protected":false},"author":2,"featured_media":17255,"comment_status":"open","ping_status":"open","sticky":false,"template":"","format":"standard","meta":[],"categories":[8],"tags":[],"_links":{"self":[{"href":"https:\/\/dgospel.com.br\/portal\/index.php\/wp-json\/wp\/v2\/posts\/17254"}],"collection":[{"href":"https:\/\/dgospel.com.br\/portal\/index.php\/wp-json\/wp\/v2\/posts"}],"about":[{"href":"https:\/\/dgospel.com.br\/portal\/index.php\/wp-json\/wp\/v2\/types\/post"}],"author":[{"embeddable":true,"href":"https:\/\/dgospel.com.br\/portal\/index.php\/wp-json\/wp\/v2\/users\/2"}],"replies":[{"embeddable":true,"href":"https:\/\/dgospel.com.br\/portal\/index.php\/wp-json\/wp\/v2\/comments?post=17254"}],"version-history":[{"count":1,"href":"https:\/\/dgospel.com.br\/portal\/index.php\/wp-json\/wp\/v2\/posts\/17254\/revisions"}],"predecessor-version":[{"id":17256,"href":"https:\/\/dgospel.com.br\/portal\/index.php\/wp-json\/wp\/v2\/posts\/17254\/revisions\/17256"}],"wp:featuredmedia":[{"embeddable":true,"href":"https:\/\/dgospel.com.br\/portal\/index.php\/wp-json\/wp\/v2\/media\/17255"}],"wp:attachment":[{"href":"https:\/\/dgospel.com.br\/portal\/index.php\/wp-json\/wp\/v2\/media?parent=17254"}],"wp:term":[{"taxonomy":"category","embeddable":true,"href":"https:\/\/dgospel.com.br\/portal\/index.php\/wp-json\/wp\/v2\/categories?post=17254"},{"taxonomy":"post_tag","embeddable":true,"href":"https:\/\/dgospel.com.br\/portal\/index.php\/wp-json\/wp\/v2\/tags?post=17254"}],"curies":[{"name":"wp","href":"https:\/\/api.w.org\/{rel}","templated":true}]}}