{"id":17257,"date":"2023-09-28T15:23:12","date_gmt":"2023-09-28T18:23:12","guid":{"rendered":"http:\/\/dgospel.com.br\/portal\/?p=17257"},"modified":"2023-09-28T15:23:13","modified_gmt":"2023-09-28T18:23:13","slug":"governo-do-estado-realiza-abertura-oficial-das-comemoracoes-dos-35-anos-do-tocantins-no-congresso-nacional","status":"publish","type":"post","link":"https:\/\/dgospel.com.br\/portal\/index.php\/2023\/09\/28\/governo-do-estado-realiza-abertura-oficial-das-comemoracoes-dos-35-anos-do-tocantins-no-congresso-nacional\/","title":{"rendered":"Governo do Estado realiza abertura oficial das comemora\u00e7\u00f5es dos 35 anos do Tocantins no Congresso Nacional"},"content":{"rendered":"\n<p>O Sal\u00e3o Negro do Congresso Nacional, principal espa\u00e7o de eventos do Senado e da C\u00e2mara dos Deputados, receber\u00e1 entre os dias 25 de setembro e 2 de outubro a exposi\u00e7\u00e3o&nbsp;<em>35 anos do Tocantins<\/em>, que ilustrar\u00e1 a trajet\u00f3ria de cria\u00e7\u00e3o e de consolida\u00e7\u00e3o do estado. Nesta ter\u00e7a-feira, 26, o governador Wanderlei Barbosa, realizou a abertura oficial da exposi\u00e7\u00e3o, com a presen\u00e7a de secret\u00e1rios de Estado, parlamentares federais e outros convidados.<\/p>\n\n\n\n<p>A exposi\u00e7\u00e3o est\u00e1 sendo realizada pelo Governo do Tocantins, por meio da Secretaria Extraordin\u00e1ria de Representa\u00e7\u00e3o em Bras\u00edlia (Serb) e da Secretaria de Estado da Comunica\u00e7\u00e3o (Secom), sob a coordena\u00e7\u00e3o da Casa Civil, que est\u00e1 conduzindo a programa\u00e7\u00e3o geral de comemora\u00e7\u00e3o dos 35 anos do Tocantins. O projeto foi desenvolvido em parceria com a senadora, Professora Dorinha.<\/p>\n\n\n\n<p>O governador Wanderlei Barbosa destacou que o Estado mais jovem do Brasil, j\u00e1 tornou-se um estado maduro. &#8220;H\u00e1 35 anos, o Congresso Nacional oficializou, na Constitui\u00e7\u00e3o de 1988, a conquista resultante de d\u00e9cadas de lutas pela cria\u00e7\u00e3o do Tocantins. Hoje, nessa mesma casa, mostramos que o prop\u00f3sito dessa luta foi alcan\u00e7ado, pois o Estado cresceu, se desenvolveu e tornou-se indispens\u00e1vel para o pa\u00eds. O Tocantins \u00e9 um estado maduro e, nesta gest\u00e3o, estamos demonstrando essa maturidade como um gestor respons\u00e1vel, transparente e em constante busca pela inova\u00e7\u00e3o. O Estado que os tocantinenses merecem&#8221;, destacou.&nbsp;<\/p>\n\n\n\n<p>O secret\u00e1rio de representa\u00e7\u00e3o em Bras\u00edlia, Carlos Manzini, em seu pronunciamento na abertura destacou que essa maturidade tamb\u00e9m tem sido expressada na rela\u00e7\u00e3o com a bancada. &#8220;O governador Wanderlei Barbosa, hoje, trabalha com um&nbsp; alto \u00edndice de unidade entre os parlamentares federais na constru\u00e7\u00e3o dos resultados. Um cen\u00e1rio de maturidade pol\u00edtica, respeito ao trabalho dos parlamentares e foco nos tocantinenses acima de tudo&#8221;,&nbsp; afirmou. \u201cUma gest\u00e3o que, certamente, j\u00e1 tem um papel de destaque na hist\u00f3ria do Tocantins&#8221;, destacou.<\/p>\n\n\n\n<p>A exposi\u00e7\u00e3o traz pain\u00e9is com imagens hist\u00f3ricas garimpadas em acervos pessoais e pouco divulgadas de momentos, que ilustram per\u00edodos importantes da cria\u00e7\u00e3o do Tocantins. A hist\u00f3ria tamb\u00e9m est\u00e1 presente no painel que reproduz o mosaico lapidado na recep\u00e7\u00e3o do Pal\u00e1cio Araguaia, que conta todos os grandes acontecimentos do movimento separatista. O momento atual \u00e9 representado em imagens sobre cultura, turismo, ind\u00fastria, com\u00e9rcio, agroneg\u00f3cio, minera\u00e7\u00e3o e meio ambiente.<\/p>\n\n\n\n<p>O secret\u00e1rio de Estado da Cultura, Ti\u00e3o Pinheiro, destacou que a exposi\u00e7\u00e3o relembra e refor\u00e7a os grandes nomes que levaram \u00e0 cria\u00e7\u00e3o do Tocantins. \u201cEssa exposi\u00e7\u00e3o \u00e9 um resumo muito interessante sobre essa longa e linda hist\u00f3ria do Tocantins. A equipe conseguiu apresentar todas aquelas que ajudaram a escrever as p\u00e1ginas na hist\u00f3ria do Tocantins. O Congresso Nacional, que \u00e9 a casa do povo, foi o melhor lugar para que as pessoas pudessem conhecer e reverenciar a hist\u00f3ria do nosso Tocantins\u201d, afirmou.&nbsp;<\/p>\n\n\n\n<p>Um dos grandes destaques \u00e9 o espa\u00e7o interativo, onde pain\u00e9is de LED no piso simulam um dos maiores atrativos tur\u00edsticos do Tocantins, o fervedouro. Toda a exposi\u00e7\u00e3o foi pensada para que visitantes, de forma objetiva, possam conhecer o mais jovem estado do pa\u00eds, compreendendo sua hist\u00f3ria, sua beleza, sua cultura e como hoje est\u00e1 consolidado como uma regi\u00e3o altamente relevante para o contexto socioecon\u00f4mico do Brasil.<\/p>\n\n\n\n<p>A vereadora de Gurupi, Debora Ribeiro, participou da abertura da exposi\u00e7\u00e3o e enfatizou a import\u00e2ncia de manter viva a hist\u00f3ria do Tocantins. \u201c\u00c9 um momento marcante para o Estado e essa exposi\u00e7\u00e3o \u00e9, sem d\u00favida, muito importante para n\u00f3s. \u00c9 uma forma de valorizar o Tocantins e ainda torn\u00e1-lo conhecido por cidad\u00e3os de todo o nosso pa\u00eds que frequentam o Congresso Nacional, todos os dias\u201d, finalizou.<\/p>\n\n\n\n<p><img src=\"https:\/\/central.to.gov.br\/image\/348552?w=670&amp;h=383\"><\/p>\n\n\n\n<p>Secret\u00e1rios de Estado chegam ao Sal\u00e3o Negro, ao lado do governador Wanderlei Barbosa, para a abertura do evento &#8211; Vinicius Santa Rosa\/Governo do Tocantins<\/p>\n\n\n\n<p><img src=\"https:\/\/central.to.gov.br\/image\/348551?w=670&amp;h=383\"><\/p>\n\n\n\n<p>Governador Wanderlei Barbosa recebe a imprensa do Tocantins e de ve\u00edculos nacionais que acompanharam o evento &#8211; Vin\u00edcius Santa Rosa\/Governo do Tocantins\u00a0<\/p>\n\n\n\n<p><img src=\"https:\/\/central.to.gov.br\/image\/348550?w=670&amp;h=383\"><\/p>\n\n\n\n<p>Governador Wanderlei Barbosa visita a exposi\u00e7\u00e3o ao lado da senadora professora Dorinha, que foi correalizadora do evento &#8211; Vin\u00edcius Santa Rosa\/Governo do Tocantins\u00a0<\/p>\n\n\n\n<p><img src=\"https:\/\/central.to.gov.br\/image\/348549?w=670&amp;h=383\"><\/p>\n\n\n\n<p>A exposi\u00e7\u00e3o ocorre no Sal\u00e3o Negro do Congresso Nacional &#8211; Vin\u00edcius Santa Rosa\/Governo do Tocantins\u00a0<\/p>\n\n\n\n<p><img src=\"https:\/\/central.to.gov.br\/image\/348548?w=670&amp;h=383\"><\/p>\n\n\n\n<p>Governador Wanderlei Barbosa, ao lado dos secret\u00e1rios de Estado, que o acompanharam durante o evento &#8211; Vin\u00edcius Santa Rosa\/Governo do Tocantins\u00a0<\/p>\n\n\n\n<p><img src=\"https:\/\/central.to.gov.br\/image\/348547?w=670&amp;h=383\"><\/p>\n\n\n\n<p>Evento foi amplamente prestigiado por deputados federais, senadores e outras autoridades &#8211; Vin\u00edcius Santa Rosa\/Governo do Tocantins<\/p>\n","protected":false},"excerpt":{"rendered":"<p>O Sal\u00e3o Negro do Congresso Nacional, principal espa\u00e7o de eventos do Senado e da C\u00e2mara dos Deputados, receber\u00e1 entre os dias 25 de setembro e 2 de outubro a exposi\u00e7\u00e3o&nbsp;35 anos do Tocantins, que ilustrar\u00e1 a trajet\u00f3ria de cria\u00e7\u00e3o e de consolida\u00e7\u00e3o do estado. Nesta ter\u00e7a-feira, 26, o governador Wanderlei Barbosa, realizou a abertura oficial [&hellip;]<\/p>\n","protected":false},"author":2,"featured_media":17258,"comment_status":"open","ping_status":"open","sticky":false,"template":"","format":"standard","meta":[],"categories":[3],"tags":[13],"_links":{"self":[{"href":"https:\/\/dgospel.com.br\/portal\/index.php\/wp-json\/wp\/v2\/posts\/17257"}],"collection":[{"href":"https:\/\/dgospel.com.br\/portal\/index.php\/wp-json\/wp\/v2\/posts"}],"about":[{"href":"https:\/\/dgospel.com.br\/portal\/index.php\/wp-json\/wp\/v2\/types\/post"}],"author":[{"embeddable":true,"href":"https:\/\/dgospel.com.br\/portal\/index.php\/wp-json\/wp\/v2\/users\/2"}],"replies":[{"embeddable":true,"href":"https:\/\/dgospel.com.br\/portal\/index.php\/wp-json\/wp\/v2\/comments?post=17257"}],"version-history":[{"count":1,"href":"https:\/\/dgospel.com.br\/portal\/index.php\/wp-json\/wp\/v2\/posts\/17257\/revisions"}],"predecessor-version":[{"id":17259,"href":"https:\/\/dgospel.com.br\/portal\/index.php\/wp-json\/wp\/v2\/posts\/17257\/revisions\/17259"}],"wp:featuredmedia":[{"embeddable":true,"href":"https:\/\/dgospel.com.br\/portal\/index.php\/wp-json\/wp\/v2\/media\/17258"}],"wp:attachment":[{"href":"https:\/\/dgospel.com.br\/portal\/index.php\/wp-json\/wp\/v2\/media?parent=17257"}],"wp:term":[{"taxonomy":"category","embeddable":true,"href":"https:\/\/dgospel.com.br\/portal\/index.php\/wp-json\/wp\/v2\/categories?post=17257"},{"taxonomy":"post_tag","embeddable":true,"href":"https:\/\/dgospel.com.br\/portal\/index.php\/wp-json\/wp\/v2\/tags?post=17257"}],"curies":[{"name":"wp","href":"https:\/\/api.w.org\/{rel}","templated":true}]}}