{"id":17263,"date":"2023-09-28T15:27:52","date_gmt":"2023-09-28T18:27:52","guid":{"rendered":"http:\/\/dgospel.com.br\/portal\/?p=17263"},"modified":"2023-09-28T15:27:53","modified_gmt":"2023-09-28T18:27:53","slug":"abav-expo-2023-governador-wanderlei-barbosa-promove-atrativos-do-tocantins-na-maior-feira-de-turismo-do-brasil","status":"publish","type":"post","link":"https:\/\/dgospel.com.br\/portal\/index.php\/2023\/09\/28\/abav-expo-2023-governador-wanderlei-barbosa-promove-atrativos-do-tocantins-na-maior-feira-de-turismo-do-brasil\/","title":{"rendered":"ABAV Expo 2023: governador Wanderlei Barbosa promove atrativos do Tocantins na maior feira de turismo do Brasil"},"content":{"rendered":"\n<p>O governador do Tocantins, Wanderlei Barbosa, participou nesta quarta-feira, 27, no Rio de Janeiro\/RJ, da abertura oficial da&nbsp;<em>ABAV Expo 2023<\/em>, maior feira de turismo do Brasil, realizada pela Associa\u00e7\u00e3o Brasileira de Agentes de Viagens (ABAV). Na ocasi\u00e3o, o Governador visitou os estandes e fortaleceu as rela\u00e7\u00f5es do Estado com as empresas do setor.<\/p>\n\n\n\n<p>&#8220;Trazendo um dos maiores e mais belos estandes para o evento, demonstramos as grandes oportunidades do setor tur\u00edstico no Tocantins. Essa atividade est\u00e1 chegando \u00e0s \u00e1reas onde outras atividades econ\u00f4micas t\u00eam mais dificuldade de chegar e, por meio do turismo, a realidade de muitos munic\u00edpios e fam\u00edlias tem sido transformada\u201d, afirmou o governador Wanderlei Barbosa, durante sua visita ao estande do Tocantins.<\/p>\n\n\n\n<p>O evento ocorre at\u00e9 a sexta-feira, 29, e cerca de 45 mil pessoas devem prestigiar a exposi\u00e7\u00e3o este ano.&nbsp;<\/p>\n\n\n\n<p><strong>Estande<\/strong><\/p>\n\n\n\n<p>O Governo do Tocantins est\u00e1 presente na&nbsp;<em>ABAV Expo<\/em>&nbsp;com um dos maiores estandes do evento, o que evidencia os atrativos tur\u00edsticos do Estado. O visitante poder\u00e1 conhecer os principais destinos que s\u00e3o trabalhados no planejamento estrat\u00e9gico da Secretaria de Estado do Turismo (Setur), que s\u00e3o: Jalap\u00e3o, Serras Gerais, Cant\u00e3o, Ilha do Bananal e Palmas.<\/p>\n\n\n\n<p>Na divulga\u00e7\u00e3o, s\u00e3o evidenciadas as atra\u00e7\u00f5es culturais que mais representam o Estado e, hoje, se tornaram elementos essenciais nestes destinos. Entre os destaques, est\u00e3o o grupo&nbsp;<em>Tambores do Tocantins<\/em>, as&nbsp;<em>Cavalhadas<\/em>, a culin\u00e1ria (chambaril, biscoito Amor Perfeito, doces de frutas do Cerrado, pa\u00e7oca de carne seca, dentre outros) e o artesanato em capim-dourado, palha de buriti e os de origem ind\u00edgena.&nbsp;<\/p>\n\n\n\n<p>O secret\u00e1rio de Estado do Turismo, Hercy Filho, destacou que a participa\u00e7\u00e3o do governador Wanderlei Barbosa \u00e9 essencial para alcan\u00e7ar os resultados esperados. \u201cA ABAV \u00e9 refer\u00eancia para o setor tur\u00edstico da Am\u00e9rica Latina. A presen\u00e7a expressiva do Tocantins com um estande de destaque e a participa\u00e7\u00e3o do governador Wanderlei Barbosa demonstram que o desenvolvimento do setor \u00e9 uma prioridade para o Estado. Nessa vitrine internacional que \u00e9 a&nbsp;<em>ABAV Expo<\/em>, a Secretaria de Estado do Turismo est\u00e1 muito feliz em promover o Estado aos agentes de viagem, que s\u00e3o os grandes promotores do turismo\u201d, ressaltou o secret\u00e1rio.<\/p>\n\n\n\n<p><strong>Governo do Tocantins apoia participa\u00e7\u00e3o do empresariado<\/strong><\/p>\n\n\n\n<p>Em parceria com o Servi\u00e7o Brasileiro de Apoio \u00e0s Micro e Pequenas Empresas (Sebrae) e a ABAV Tocantins, o Governo do Tocantins contribuiu com a participa\u00e7\u00e3o de, aproximadamente, 250 empres\u00e1rios do setor tur\u00edstico do Estado no evento.<\/p>\n\n\n\n<p>O presidente da ABAV Tocantins, Rodolfo Ferreira, destaca que a iniciativa do Estado \u00e9 essencial para o alcance dos resultados das empresas. \u201dO estande\u00a0do Tocantins, retratando com tanta relev\u00e2ncia o potencial do Estado, incentiva a participa\u00e7\u00e3o do\u00a0<em>trade\u00a0<\/em>tur\u00edstico. Essa presen\u00e7a fortalece o setor e contribui para alcan\u00e7ar os resultados esperados\u201d, afirmou.<\/p>\n\n\n\n<p><img src=\"https:\/\/central.to.gov.br\/image\/348713?w=670&amp;h=383\"><\/p>\n\n\n\n<p>Governador Wanderlei Barbosa, ao lado do prefeito do Rio de Janeiro, Eduardo Paes &#8211; Vinicius Santa Rosa\/Governo do Tocantins\u00a0<\/p>\n\n\n\n<p><img src=\"https:\/\/central.to.gov.br\/image\/348714?w=670&amp;h=383\"><\/p>\n\n\n\n<p>Governador Wanderlei Barbosa e a primeira-dama Karynne Sotero visitaram o estande do Tocantins na ABAV Expo 2023 &#8211; Vinicius Santa Rosa\/Governo do Tocantins\u00a0<\/p>\n\n\n\n<p><img src=\"https:\/\/central.to.gov.br\/image\/348715?w=670&amp;h=383\"><\/p>\n\n\n\n<p>Governador Wanderlei Barbosa visitou os estandes e fortaleceu as rela\u00e7\u00f5es do Estado com as empresas do setor &#8211; Vinicius Santa Rosa\/Governo do Tocantins\u00a0<\/p>\n\n\n\n<p><img src=\"https:\/\/central.to.gov.br\/image\/348716?w=670&amp;h=383\"><\/p>\n\n\n\n<p>Governo do Tocantins est\u00e1 presente na ABAV Expo 2023 com um dos maiores estandes do evento &#8211; Vinicius Santa Rosa\/Governo do Tocantins\u00a0<\/p>\n\n\n\n<p><img src=\"https:\/\/central.to.gov.br\/image\/348717?w=670&amp;h=383\"><\/p>\n\n\n\n<p>Governador Wanderlei Barbosa ao lado da equipe da Secretaria de Estado do Turismo &#8211; Vinicius Santa Rosa\/Governo do Tocantins&nbsp;<\/p>\n","protected":false},"excerpt":{"rendered":"<p>O governador do Tocantins, Wanderlei Barbosa, participou nesta quarta-feira, 27, no Rio de Janeiro\/RJ, da abertura oficial da&nbsp;ABAV Expo 2023, maior feira de turismo do Brasil, realizada pela Associa\u00e7\u00e3o Brasileira de Agentes de Viagens (ABAV). Na ocasi\u00e3o, o Governador visitou os estandes e fortaleceu as rela\u00e7\u00f5es do Estado com as empresas do setor. &#8220;Trazendo um [&hellip;]<\/p>\n","protected":false},"author":2,"featured_media":17264,"comment_status":"open","ping_status":"open","sticky":false,"template":"","format":"standard","meta":[],"categories":[3],"tags":[13],"_links":{"self":[{"href":"https:\/\/dgospel.com.br\/portal\/index.php\/wp-json\/wp\/v2\/posts\/17263"}],"collection":[{"href":"https:\/\/dgospel.com.br\/portal\/index.php\/wp-json\/wp\/v2\/posts"}],"about":[{"href":"https:\/\/dgospel.com.br\/portal\/index.php\/wp-json\/wp\/v2\/types\/post"}],"author":[{"embeddable":true,"href":"https:\/\/dgospel.com.br\/portal\/index.php\/wp-json\/wp\/v2\/users\/2"}],"replies":[{"embeddable":true,"href":"https:\/\/dgospel.com.br\/portal\/index.php\/wp-json\/wp\/v2\/comments?post=17263"}],"version-history":[{"count":1,"href":"https:\/\/dgospel.com.br\/portal\/index.php\/wp-json\/wp\/v2\/posts\/17263\/revisions"}],"predecessor-version":[{"id":17265,"href":"https:\/\/dgospel.com.br\/portal\/index.php\/wp-json\/wp\/v2\/posts\/17263\/revisions\/17265"}],"wp:featuredmedia":[{"embeddable":true,"href":"https:\/\/dgospel.com.br\/portal\/index.php\/wp-json\/wp\/v2\/media\/17264"}],"wp:attachment":[{"href":"https:\/\/dgospel.com.br\/portal\/index.php\/wp-json\/wp\/v2\/media?parent=17263"}],"wp:term":[{"taxonomy":"category","embeddable":true,"href":"https:\/\/dgospel.com.br\/portal\/index.php\/wp-json\/wp\/v2\/categories?post=17263"},{"taxonomy":"post_tag","embeddable":true,"href":"https:\/\/dgospel.com.br\/portal\/index.php\/wp-json\/wp\/v2\/tags?post=17263"}],"curies":[{"name":"wp","href":"https:\/\/api.w.org\/{rel}","templated":true}]}}