{"id":17266,"date":"2023-09-28T15:30:38","date_gmt":"2023-09-28T18:30:38","guid":{"rendered":"http:\/\/dgospel.com.br\/portal\/?p=17266"},"modified":"2023-09-28T15:30:39","modified_gmt":"2023-09-28T18:30:39","slug":"governo-do-tocantins-recebe-vereadores-de-miracema-para-definir-solenidade-que-torna-a-cidade-capital-por-um-dia","status":"publish","type":"post","link":"https:\/\/dgospel.com.br\/portal\/index.php\/2023\/09\/28\/governo-do-tocantins-recebe-vereadores-de-miracema-para-definir-solenidade-que-torna-a-cidade-capital-por-um-dia\/","title":{"rendered":"Governo do Tocantins recebe vereadores de Miracema para definir solenidade que torna a cidade Capital por um dia"},"content":{"rendered":"\n<p>Representando o Governo do Tocantins, o secret\u00e1rio-chefe da Casa Civil, Deocleciano Filho, recebeu na tarde desta quarta-feira, 27, representantes da C\u00e2mara Municipal de Miracema e o deputado estadual Ivory de Lira para dar in\u00edcio \u00e0s provid\u00eancias da transfer\u00eancia da Capital por um dia para o munic\u00edpio de Miracema. A sess\u00e3o solene ocorre todo ano no dia 7 de dezembro com programa\u00e7\u00f5es dos poderes Executivo e Legislativo do Estado.&nbsp;<\/p>\n\n\n\n<p>O secret\u00e1rio-chefe da Casa Civil declarou que as solicita\u00e7\u00f5es feitas pelas autoridades municipais ser\u00e3o entregues ao governador Wanderlei Barbosa, que definir\u00e1 as atividades a serem realizadas em Miracema. &#8220;Hoje, estou aqui recebendo nossos amigos de Miracema para darmos in\u00edcio \u00e0 programa\u00e7\u00e3o de transfer\u00eancia da capital por um dia. O requerimento ser\u00e1 entregue ao nosso governador Wanderlei Barbosa, que vai analisar as solicita\u00e7\u00f5es feitas e, posteriormente, anunciar algumas medidas que poder\u00e3o ser feitas&#8221;, completou Deocleciano Filho.<\/p>\n\n\n\n<p>Vereador de Miracema, Eldes Dinis, teceu elogios ao Governador do Tocantins pela atua\u00e7\u00e3o em prol dos miracemenses e declarou que o munic\u00edpio est\u00e1 \u00e0 disposi\u00e7\u00e3o para auxiliar o Governo do Tocantins a realizar uma grande festa no dia 7 de dezembro. &#8220;Primeiramente, eu gostaria de agradecer toda a aten\u00e7\u00e3o e o trabalho que o nosso Governador tem feito por Miracema, seja na infraestrutura, na sa\u00fade e na habita\u00e7\u00e3o da nossa cidade. \u00c9 chegada a data mais importante da nossa cidade, que \u00e9 reavivar o retorno da capital por um dia no munic\u00edpio. A C\u00e2mara dos Vereadores est\u00e1 \u00e0 disposi\u00e7\u00e3o para contribuir para que esse dia seja uma festa linda, em que, juntos, possamos trabalhar em prol dos miracemenses&#8221;, afirmou o vereador.<\/p>\n\n\n\n<p>A transfer\u00eancia da capital para a cidade de Miracema obedece ao disposto no artigo 161 da Constitui\u00e7\u00e3o Estadual, que determina que todo 7 de dezembro a capital do Estado seja transferida para Miracema. A solenidade \u00e9 uma homenagem pelo fato de, no dia 7 de dezembro de 1988, o munic\u00edpio de Miracema ter sido escolhido para ser Capital Provis\u00f3ria do Estado do Tocantins, sendo, portanto, a primeira capital do Estado, por um ano, a partir de 1\u00b0 de janeiro de 1989.<\/p>\n\n\n\n<p><img src=\"https:\/\/central.to.gov.br\/image\/348749?w=670&amp;h=383\"><\/p>\n\n\n\n<p>O deputado estadual Ivory de Lira realizou a entrega do of\u00edcio para iniciar as provid\u00eancias da transfer\u00eancia da Capital por um dia para o munic\u00edpio de Miracema &#8211; Adilvan Nogueira\/Governo do Tocantins\u00a0<\/p>\n\n\n\n<p><img src=\"https:\/\/central.to.gov.br\/image\/348750?w=670&amp;h=383\"><\/p>\n\n\n\n<p>Vereador de Miracema, Eldes Dinis, teceu elogios ao Governador do Tocantins pela atua\u00e7\u00e3o em prol dos miracemenses e declarou que o munic\u00edpio est\u00e1 \u00e0 disposi\u00e7\u00e3o para auxiliar o Governo do Tocantins a realizar uma grande festa no dia 7 de dezembro &#8211; Adilvan Nogueira\/Governo do Tocantins\u00a0<\/p>\n\n\n\n<p><img src=\"https:\/\/central.to.gov.br\/image\/348747?w=670&amp;h=383\"><\/p>\n\n\n\n<p>Secret\u00e1rio-chefe da Casa Civil do Tocantins, Deocleciano Filho, recebeu requerimento de autoridades de Miracema e do deputado Ivory De Lira &#8211; Adilvan Nogueira\/Governo do Tocantins<\/p>\n\n\n\n<p><img src=\"https:\/\/central.to.gov.br\/image\/348746?w=670&amp;h=383\"><\/p>\n\n\n\n<p>Deocleciano Filho declarou que as solicita\u00e7\u00f5es feitas pelas autoridades municipais ser\u00e3o entregues ao governador Wanderlei Barbosa, que definir\u00e1 as atividades a serem realizadas em Miracema &#8211; Adilvan Nogueira\/Governo do Tocantins\u00a0<\/p>\n","protected":false},"excerpt":{"rendered":"<p>Representando o Governo do Tocantins, o secret\u00e1rio-chefe da Casa Civil, Deocleciano Filho, recebeu na tarde desta quarta-feira, 27, representantes da C\u00e2mara Municipal de Miracema e o deputado estadual Ivory de Lira para dar in\u00edcio \u00e0s provid\u00eancias da transfer\u00eancia da Capital por um dia para o munic\u00edpio de Miracema. A sess\u00e3o solene ocorre todo ano no [&hellip;]<\/p>\n","protected":false},"author":2,"featured_media":17267,"comment_status":"open","ping_status":"open","sticky":false,"template":"","format":"standard","meta":[],"categories":[3],"tags":[13],"_links":{"self":[{"href":"https:\/\/dgospel.com.br\/portal\/index.php\/wp-json\/wp\/v2\/posts\/17266"}],"collection":[{"href":"https:\/\/dgospel.com.br\/portal\/index.php\/wp-json\/wp\/v2\/posts"}],"about":[{"href":"https:\/\/dgospel.com.br\/portal\/index.php\/wp-json\/wp\/v2\/types\/post"}],"author":[{"embeddable":true,"href":"https:\/\/dgospel.com.br\/portal\/index.php\/wp-json\/wp\/v2\/users\/2"}],"replies":[{"embeddable":true,"href":"https:\/\/dgospel.com.br\/portal\/index.php\/wp-json\/wp\/v2\/comments?post=17266"}],"version-history":[{"count":1,"href":"https:\/\/dgospel.com.br\/portal\/index.php\/wp-json\/wp\/v2\/posts\/17266\/revisions"}],"predecessor-version":[{"id":17268,"href":"https:\/\/dgospel.com.br\/portal\/index.php\/wp-json\/wp\/v2\/posts\/17266\/revisions\/17268"}],"wp:featuredmedia":[{"embeddable":true,"href":"https:\/\/dgospel.com.br\/portal\/index.php\/wp-json\/wp\/v2\/media\/17267"}],"wp:attachment":[{"href":"https:\/\/dgospel.com.br\/portal\/index.php\/wp-json\/wp\/v2\/media?parent=17266"}],"wp:term":[{"taxonomy":"category","embeddable":true,"href":"https:\/\/dgospel.com.br\/portal\/index.php\/wp-json\/wp\/v2\/categories?post=17266"},{"taxonomy":"post_tag","embeddable":true,"href":"https:\/\/dgospel.com.br\/portal\/index.php\/wp-json\/wp\/v2\/tags?post=17266"}],"curies":[{"name":"wp","href":"https:\/\/api.w.org\/{rel}","templated":true}]}}