{"id":17278,"date":"2023-09-29T09:15:05","date_gmt":"2023-09-29T12:15:05","guid":{"rendered":"http:\/\/dgospel.com.br\/portal\/?p=17278"},"modified":"2023-09-29T09:15:06","modified_gmt":"2023-09-29T12:15:06","slug":"ana-priscila-presa-do-8-1-confessa-que-nao-apoia-bolsonaro","status":"publish","type":"post","link":"https:\/\/dgospel.com.br\/portal\/index.php\/2023\/09\/29\/ana-priscila-presa-do-8-1-confessa-que-nao-apoia-bolsonaro\/","title":{"rendered":"Ana Priscila: Presa do 8\/1 confessa que n\u00e3o apoia Bolsonaro"},"content":{"rendered":"\n<p>Nesta quinta-feira (28), a C\u00e2mara Distrital ouviu Ana Priscila Silva de Azevedo, manifestante presa em 8 de janeiro por participar da destrui\u00e7\u00e3o do Congresso Nacional.<\/p>\n\n\n\n<p>O depoimento da jovem foi dado \u00e0 Comiss\u00e3o Parlamentar de Inqu\u00e9rito (CPI) que investiga os ataques \u00e0s sedes dos Tr\u00eas Poderes.<\/p>\n\n\n\n<p>Conhecida nas redes sociais, Ana Priscila confessou aos deputados distritais que n\u00e3o \u00e9 apoiadora do ex-presidente Jair Bolsonaro (PL) \u2013 mas se identifica como \u201cpatriota\u201d \u2013 e que j\u00e1 achou que o pol\u00edtico \u201c\u00e9 um infiltrado da esquerda\u201d.<\/p>\n\n\n\n<p>\u2013 Na \u00e9poca, eu pensei que Bolsonaro fosse um infiltrado, que estaria usando as For\u00e7as Armadas, por conta dessas falas sobre o Hugo Ch\u00e1vez \u2013 afirmou a jovem ao falar de uma declara\u00e7\u00e3o antiga do ex-presidente sobre o pol\u00edtico venezuelano ser \u201cuma esperan\u00e7a para a Am\u00e9rica Latina\u201d.<\/p>\n\n\n\n<p>Questionada sobre o v\u00eddeo onde ela destr\u00f3i uma sala e fala em \u201cmiss\u00e3o dada \u00e9 miss\u00e3o cumprida\u201d, a manifestante declarou que n\u00e3o recebeu ordem nenhuma, apenas falou a frase que \u00e9 \u201cum jarg\u00e3o militar\u201d.<\/p>\n\n\n\n<p>\u2013 Eu n\u00e3o recebi miss\u00e3o nenhuma \u2013 garantiu ela, que denunciou ter ficado oito meses presa na solit\u00e1ria, sem ter acesso a banho de Sol por todo esse per\u00edodo.<\/p>\n\n\n\n<p><strong>Assista:<\/strong><\/p>\n\n\n\n<figure class=\"wp-block-embed is-type-video is-provider-youtube wp-block-embed-youtube wp-embed-aspect-16-9 wp-has-aspect-ratio\"><div class=\"wp-block-embed__wrapper\">\n<iframe loading=\"lazy\" title=\"Reuni\u00e3o Ordin\u00e1ria  10H00 - CPI dos Atos Antidemocr\u00e1ticos - 28\/09\/2023\" width=\"630\" height=\"354\" src=\"https:\/\/www.youtube.com\/embed\/MJkzKUdKtg4?start=9231&#038;feature=oembed\" frameborder=\"0\" allow=\"accelerometer; autoplay; clipboard-write; encrypted-media; gyroscope; picture-in-picture; web-share\" allowfullscreen><\/iframe>\n<\/div><\/figure>\n","protected":false},"excerpt":{"rendered":"<p>Nesta quinta-feira (28), a C\u00e2mara Distrital ouviu Ana Priscila Silva de Azevedo, manifestante presa em 8 de janeiro por participar da destrui\u00e7\u00e3o do Congresso Nacional. O depoimento da jovem foi dado \u00e0 Comiss\u00e3o Parlamentar de Inqu\u00e9rito (CPI) que investiga os ataques \u00e0s sedes dos Tr\u00eas Poderes. Conhecida nas redes sociais, Ana Priscila confessou aos deputados [&hellip;]<\/p>\n","protected":false},"author":2,"featured_media":17279,"comment_status":"open","ping_status":"open","sticky":false,"template":"","format":"standard","meta":[],"categories":[4],"tags":[],"_links":{"self":[{"href":"https:\/\/dgospel.com.br\/portal\/index.php\/wp-json\/wp\/v2\/posts\/17278"}],"collection":[{"href":"https:\/\/dgospel.com.br\/portal\/index.php\/wp-json\/wp\/v2\/posts"}],"about":[{"href":"https:\/\/dgospel.com.br\/portal\/index.php\/wp-json\/wp\/v2\/types\/post"}],"author":[{"embeddable":true,"href":"https:\/\/dgospel.com.br\/portal\/index.php\/wp-json\/wp\/v2\/users\/2"}],"replies":[{"embeddable":true,"href":"https:\/\/dgospel.com.br\/portal\/index.php\/wp-json\/wp\/v2\/comments?post=17278"}],"version-history":[{"count":1,"href":"https:\/\/dgospel.com.br\/portal\/index.php\/wp-json\/wp\/v2\/posts\/17278\/revisions"}],"predecessor-version":[{"id":17280,"href":"https:\/\/dgospel.com.br\/portal\/index.php\/wp-json\/wp\/v2\/posts\/17278\/revisions\/17280"}],"wp:featuredmedia":[{"embeddable":true,"href":"https:\/\/dgospel.com.br\/portal\/index.php\/wp-json\/wp\/v2\/media\/17279"}],"wp:attachment":[{"href":"https:\/\/dgospel.com.br\/portal\/index.php\/wp-json\/wp\/v2\/media?parent=17278"}],"wp:term":[{"taxonomy":"category","embeddable":true,"href":"https:\/\/dgospel.com.br\/portal\/index.php\/wp-json\/wp\/v2\/categories?post=17278"},{"taxonomy":"post_tag","embeddable":true,"href":"https:\/\/dgospel.com.br\/portal\/index.php\/wp-json\/wp\/v2\/tags?post=17278"}],"curies":[{"name":"wp","href":"https:\/\/api.w.org\/{rel}","templated":true}]}}