{"id":17281,"date":"2023-09-29T09:21:57","date_gmt":"2023-09-29T12:21:57","guid":{"rendered":"http:\/\/dgospel.com.br\/portal\/?p=17281"},"modified":"2023-09-29T09:21:59","modified_gmt":"2023-09-29T12:21:59","slug":"queda-de-28-nas-apreensoes-de-drogas-marca-primeiros-8-meses-do-governo-lula","status":"publish","type":"post","link":"https:\/\/dgospel.com.br\/portal\/index.php\/2023\/09\/29\/queda-de-28-nas-apreensoes-de-drogas-marca-primeiros-8-meses-do-governo-lula\/","title":{"rendered":"Queda de 28% nas apreens\u00f5es de drogas marca primeiros 8 meses do Governo Lula"},"content":{"rendered":"\n<p>Nos primeiros oito meses de 2023, o Brasil registrou uma diminui\u00e7\u00e3o significativa nas apreens\u00f5es de mac0nha e c0ca\u00edna em compara\u00e7\u00e3o ao mesmo per\u00edodo do ano anterior. Enquanto em 2022, a Pol\u00edcia Federal (PF) e a Pol\u00edcia Rodovi\u00e1ria Federal (PRF) confiscaram quase 960 toneladas de maconha, este ano, esse n\u00famero caiu para 685 toneladas, uma redu\u00e7\u00e3o de 28,6%.<\/p>\n\n\n\n<p><a href=\"https:\/\/www.assembleia.pr.leg.br\/assembleia-itinerante\/sugestao-de-melhorias-para-sua-cidade\" target=\"_blank\" rel=\"noreferrer noopener\"><\/a><\/p>\n\n\n\n<p>Quando se trata de coca\u00edna, a queda foi ainda mais expressiva. Em 2022, foram 105 toneladas apreendidas nos oito primeiros meses, contra 71,8 toneladas em 2023 \u2013 uma diminui\u00e7\u00e3o de 31,4%.<\/p>\n\n\n\n<p>Estados como Paran\u00e1, Mato Grosso do Sul e S\u00e3o Paulo se destacaram em rela\u00e7\u00e3o \u00e0 apreens\u00e3o de maconha nos dois anos. Para a coca\u00edna, os estados mais ativos foram S\u00e3o Paulo, Rond\u00f4nia e Mato Grosso.<\/p>\n\n\n\n<p>Examinando apenas a atua\u00e7\u00e3o da Pol\u00edcia Federal, houve uma redu\u00e7\u00e3o de 39,6% na apreens\u00e3o de maconha e de 37,1% na de coca\u00edna. Por outro lado, a PRF viu uma diminui\u00e7\u00e3o de 1,86% na maconha e 20% na coca\u00edna.<\/p>\n\n\n\n<p>A PF esclarece esta queda como uma \u201cmudan\u00e7a de foco\u201d, explicando que a institui\u00e7\u00e3o agora prioriza desarticular a estrutura financeira de organiza\u00e7\u00f5es criminosas.<\/p>\n","protected":false},"excerpt":{"rendered":"<p>Nos primeiros oito meses de 2023, o Brasil registrou uma diminui\u00e7\u00e3o significativa nas apreens\u00f5es de mac0nha e c0ca\u00edna em compara\u00e7\u00e3o ao mesmo per\u00edodo do ano anterior. Enquanto em 2022, a Pol\u00edcia Federal (PF) e a Pol\u00edcia Rodovi\u00e1ria Federal (PRF) confiscaram quase 960 toneladas de maconha, este ano, esse n\u00famero caiu para 685 toneladas, uma redu\u00e7\u00e3o [&hellip;]<\/p>\n","protected":false},"author":2,"featured_media":17282,"comment_status":"open","ping_status":"open","sticky":false,"template":"","format":"standard","meta":[],"categories":[4],"tags":[],"_links":{"self":[{"href":"https:\/\/dgospel.com.br\/portal\/index.php\/wp-json\/wp\/v2\/posts\/17281"}],"collection":[{"href":"https:\/\/dgospel.com.br\/portal\/index.php\/wp-json\/wp\/v2\/posts"}],"about":[{"href":"https:\/\/dgospel.com.br\/portal\/index.php\/wp-json\/wp\/v2\/types\/post"}],"author":[{"embeddable":true,"href":"https:\/\/dgospel.com.br\/portal\/index.php\/wp-json\/wp\/v2\/users\/2"}],"replies":[{"embeddable":true,"href":"https:\/\/dgospel.com.br\/portal\/index.php\/wp-json\/wp\/v2\/comments?post=17281"}],"version-history":[{"count":1,"href":"https:\/\/dgospel.com.br\/portal\/index.php\/wp-json\/wp\/v2\/posts\/17281\/revisions"}],"predecessor-version":[{"id":17283,"href":"https:\/\/dgospel.com.br\/portal\/index.php\/wp-json\/wp\/v2\/posts\/17281\/revisions\/17283"}],"wp:featuredmedia":[{"embeddable":true,"href":"https:\/\/dgospel.com.br\/portal\/index.php\/wp-json\/wp\/v2\/media\/17282"}],"wp:attachment":[{"href":"https:\/\/dgospel.com.br\/portal\/index.php\/wp-json\/wp\/v2\/media?parent=17281"}],"wp:term":[{"taxonomy":"category","embeddable":true,"href":"https:\/\/dgospel.com.br\/portal\/index.php\/wp-json\/wp\/v2\/categories?post=17281"},{"taxonomy":"post_tag","embeddable":true,"href":"https:\/\/dgospel.com.br\/portal\/index.php\/wp-json\/wp\/v2\/tags?post=17281"}],"curies":[{"name":"wp","href":"https:\/\/api.w.org\/{rel}","templated":true}]}}